{"id":66430,"date":"2026-05-01T07:09:27","date_gmt":"2026-05-01T13:09:27","guid":{"rendered":"https:\/\/quepocamadre.com\/?p=66430"},"modified":"2026-05-01T07:09:27","modified_gmt":"2026-05-01T13:09:27","slug":"rapina-sin-control-volcadura-desata-saqueo-en-xalapa-perote","status":"publish","type":"post","link":"https:\/\/quepocamadre.com\/?p=66430","title":{"rendered":"\u00a1RAPI\u00d1A SIN CONTROL! VOLCADURA DESATA SAQUEO EN XALAPA-PEROTE"},"content":{"rendered":"<p>La volcadura de un tr\u00e1iler cargado con productos l\u00e1cteos desat\u00f3 actos de rapi\u00f1a la tarde de este jueves en la autopista Xalapa\u2013Perote.<\/p>\n<p>Aunque el accidente dej\u00f3 dos personas lesionadas, pobladores aprovecharon para saquear la mercanc\u00eda e incluso despojar de pertenencias a los ocupantes.<\/p>\n<p>Durante la cobertura, reporteros tambi\u00e9n fueron agredidos. Autoridades estatales y federales acudieron al sitio para controlar la situaci\u00f3n y brindar apoyo a los heridos.<\/p>\n","protected":false},"excerpt":{"rendered":"<p>La volcadura de un tr\u00e1iler cargado con productos l\u00e1cteos desat\u00f3 actos de rapi\u00f1a la tarde de este jueves en la autopista Xalapa\u2013Perote. Aunque el accidente dej\u00f3 dos personas lesionadas, pobladores aprovecharon para saquear la mercanc\u00eda e incluso despojar de pertenencias a los ocupantes. Durante la cobertura, reporteros tambi\u00e9n fueron agredidos. Autoridades estatales y federales acudieron [&hellip;]<\/p>\n","protected":false},"author":1,"featured_media":66435,"comment_status":"closed","ping_status":"closed","sticky":false,"template":"","format":"standard","meta":{"footnotes":""},"categories":[124,131],"tags":[],"class_list":["post-66430","post","type-post","status-publish","format-standard","has-post-thumbnail","hentry","category-nacional","category-veracruz"],"_links":{"self":[{"href":"https:\/\/quepocamadre.com\/index.php?rest_route=\/wp\/v2\/posts\/66430","targetHints":{"allow":["GET"]}}],"collection":[{"href":"https:\/\/quepocamadre.com\/index.php?rest_route=\/wp\/v2\/posts"}],"about":[{"href":"https:\/\/quepocamadre.com\/index.php?rest_route=\/wp\/v2\/types\/post"}],"author":[{"embeddable":true,"href":"https:\/\/quepocamadre.com\/index.php?rest_route=\/wp\/v2\/users\/1"}],"replies":[{"embeddable":true,"href":"https:\/\/quepocamadre.com\/index.php?rest_route=%2Fwp%2Fv2%2Fcomments&post=66430"}],"version-history":[{"count":1,"href":"https:\/\/quepocamadre.com\/index.php?rest_route=\/wp\/v2\/posts\/66430\/revisions"}],"predecessor-version":[{"id":66436,"href":"https:\/\/quepocamadre.com\/index.php?rest_route=\/wp\/v2\/posts\/66430\/revisions\/66436"}],"wp:featuredmedia":[{"embeddable":true,"href":"https:\/\/quepocamadre.com\/index.php?rest_route=\/wp\/v2\/media\/66435"}],"wp:attachment":[{"href":"https:\/\/quepocamadre.com\/index.php?rest_route=%2Fwp%2Fv2%2Fmedia&parent=66430"}],"wp:term":[{"taxonomy":"category","embeddable":true,"href":"https:\/\/quepocamadre.com\/index.php?rest_route=%2Fwp%2Fv2%2Fcategories&post=66430"},{"taxonomy":"post_tag","embeddable":true,"href":"https:\/\/quepocamadre.com\/index.php?rest_route=%2Fwp%2Fv2%2Ftags&post=66430"}],"curies":[{"name":"wp","href":"https:\/\/api.w.org\/{rel}","templated":true}]}}