{"id":66422,"date":"2026-05-01T07:07:42","date_gmt":"2026-05-01T13:07:42","guid":{"rendered":"https:\/\/quepocamadre.com\/?p=66422"},"modified":"2026-05-01T07:07:42","modified_gmt":"2026-05-01T13:07:42","slug":"fatal-caida-muere-joven-tras-accidente-en-scooter","status":"publish","type":"post","link":"https:\/\/quepocamadre.com\/?p=66422","title":{"rendered":"\u00a1FATAL CA\u00cdDA! MUERE JOVEN TRAS ACCIDENTE EN SCOOTER"},"content":{"rendered":"<p>Un hombre de entre 30 y 35 a\u00f1os muri\u00f3 tras sufrir un aparatoso accidente mientras viajaba en un scooter el\u00e9ctrico en la colonia Huexotitla, en Puebla.<\/p>\n<p>De acuerdo con versiones preliminares, habr\u00eda sido impactado por otro veh\u00edculo, lo que provoc\u00f3 que saliera proyectado y se golpeara la cabeza contra el pavimento.<\/p>\n<p>Param\u00e9dicos confirmaron su fallecimiento en el lugar; presuntamente no portaba casco, lo que agrav\u00f3 las lesiones.<\/p>\n","protected":false},"excerpt":{"rendered":"<p>Un hombre de entre 30 y 35 a\u00f1os muri\u00f3 tras sufrir un aparatoso accidente mientras viajaba en un scooter el\u00e9ctrico en la colonia Huexotitla, en Puebla. De acuerdo con versiones preliminares, habr\u00eda sido impactado por otro veh\u00edculo, lo que provoc\u00f3 que saliera proyectado y se golpeara la cabeza contra el pavimento. Param\u00e9dicos confirmaron su fallecimiento [&hellip;]<\/p>\n","protected":false},"author":1,"featured_media":66427,"comment_status":"closed","ping_status":"closed","sticky":false,"template":"","format":"standard","meta":{"footnotes":""},"categories":[124,132],"tags":[],"class_list":["post-66422","post","type-post","status-publish","format-standard","has-post-thumbnail","hentry","category-nacional","category-puebla"],"_links":{"self":[{"href":"https:\/\/quepocamadre.com\/index.php?rest_route=\/wp\/v2\/posts\/66422","targetHints":{"allow":["GET"]}}],"collection":[{"href":"https:\/\/quepocamadre.com\/index.php?rest_route=\/wp\/v2\/posts"}],"about":[{"href":"https:\/\/quepocamadre.com\/index.php?rest_route=\/wp\/v2\/types\/post"}],"author":[{"embeddable":true,"href":"https:\/\/quepocamadre.com\/index.php?rest_route=\/wp\/v2\/users\/1"}],"replies":[{"embeddable":true,"href":"https:\/\/quepocamadre.com\/index.php?rest_route=%2Fwp%2Fv2%2Fcomments&post=66422"}],"version-history":[{"count":1,"href":"https:\/\/quepocamadre.com\/index.php?rest_route=\/wp\/v2\/posts\/66422\/revisions"}],"predecessor-version":[{"id":66428,"href":"https:\/\/quepocamadre.com\/index.php?rest_route=\/wp\/v2\/posts\/66422\/revisions\/66428"}],"wp:featuredmedia":[{"embeddable":true,"href":"https:\/\/quepocamadre.com\/index.php?rest_route=\/wp\/v2\/media\/66427"}],"wp:attachment":[{"href":"https:\/\/quepocamadre.com\/index.php?rest_route=%2Fwp%2Fv2%2Fmedia&parent=66422"}],"wp:term":[{"taxonomy":"category","embeddable":true,"href":"https:\/\/quepocamadre.com\/index.php?rest_route=%2Fwp%2Fv2%2Fcategories&post=66422"},{"taxonomy":"post_tag","embeddable":true,"href":"https:\/\/quepocamadre.com\/index.php?rest_route=%2Fwp%2Fv2%2Ftags&post=66422"}],"curies":[{"name":"wp","href":"https:\/\/api.w.org\/{rel}","templated":true}]}}