{"id":66419,"date":"2026-05-01T07:07:04","date_gmt":"2026-05-01T13:07:04","guid":{"rendered":"https:\/\/quepocamadre.com\/?p=66419"},"modified":"2026-05-01T07:07:04","modified_gmt":"2026-05-01T13:07:04","slug":"infierno-en-la-57-trailer-arde-y-colapsa-la-mexico-queretaro","status":"publish","type":"post","link":"https:\/\/quepocamadre.com\/?p=66419","title":{"rendered":"\u00a1INFIERNO EN LA 57! TR\u00c1ILER ARDE Y COLAPSA LA M\u00c9XICO-QUER\u00c9TARO"},"content":{"rendered":"<p>Un tr\u00e1iler fue consumido por un voraz incendio la tarde de este jueves sobre la autopista M\u00e9xico-Quer\u00e9taro, a la altura del kil\u00f3metro 148, cerca de la caseta de Palmillas, en San Juan del R\u00edo.<\/p>\n<p>El fuego oblig\u00f3 a cuerpos de emergencia a realizar intensas maniobras para sofocar las llamas, mientras la circulaci\u00f3n fue parcialmente cerrada, generando severo caos vial.<\/p>\n<p>Hasta el momento no se reportan personas lesionadas, aunque el estado del conductor no ha sido confirmado.<\/p>\n","protected":false},"excerpt":{"rendered":"<p>Un tr\u00e1iler fue consumido por un voraz incendio la tarde de este jueves sobre la autopista M\u00e9xico-Quer\u00e9taro, a la altura del kil\u00f3metro 148, cerca de la caseta de Palmillas, en San Juan del R\u00edo. El fuego oblig\u00f3 a cuerpos de emergencia a realizar intensas maniobras para sofocar las llamas, mientras la circulaci\u00f3n fue parcialmente cerrada, [&hellip;]<\/p>\n","protected":false},"author":1,"featured_media":66423,"comment_status":"closed","ping_status":"closed","sticky":false,"template":"","format":"standard","meta":{"footnotes":""},"categories":[124,160],"tags":[],"class_list":["post-66419","post","type-post","status-publish","format-standard","has-post-thumbnail","hentry","category-nacional","category-queretaro"],"_links":{"self":[{"href":"https:\/\/quepocamadre.com\/index.php?rest_route=\/wp\/v2\/posts\/66419","targetHints":{"allow":["GET"]}}],"collection":[{"href":"https:\/\/quepocamadre.com\/index.php?rest_route=\/wp\/v2\/posts"}],"about":[{"href":"https:\/\/quepocamadre.com\/index.php?rest_route=\/wp\/v2\/types\/post"}],"author":[{"embeddable":true,"href":"https:\/\/quepocamadre.com\/index.php?rest_route=\/wp\/v2\/users\/1"}],"replies":[{"embeddable":true,"href":"https:\/\/quepocamadre.com\/index.php?rest_route=%2Fwp%2Fv2%2Fcomments&post=66419"}],"version-history":[{"count":1,"href":"https:\/\/quepocamadre.com\/index.php?rest_route=\/wp\/v2\/posts\/66419\/revisions"}],"predecessor-version":[{"id":66424,"href":"https:\/\/quepocamadre.com\/index.php?rest_route=\/wp\/v2\/posts\/66419\/revisions\/66424"}],"wp:featuredmedia":[{"embeddable":true,"href":"https:\/\/quepocamadre.com\/index.php?rest_route=\/wp\/v2\/media\/66423"}],"wp:attachment":[{"href":"https:\/\/quepocamadre.com\/index.php?rest_route=%2Fwp%2Fv2%2Fmedia&parent=66419"}],"wp:term":[{"taxonomy":"category","embeddable":true,"href":"https:\/\/quepocamadre.com\/index.php?rest_route=%2Fwp%2Fv2%2Fcategories&post=66419"},{"taxonomy":"post_tag","embeddable":true,"href":"https:\/\/quepocamadre.com\/index.php?rest_route=%2Fwp%2Fv2%2Ftags&post=66419"}],"curies":[{"name":"wp","href":"https:\/\/api.w.org\/{rel}","templated":true}]}}