{"id":66416,"date":"2026-05-01T07:06:16","date_gmt":"2026-05-01T13:06:16","guid":{"rendered":"https:\/\/quepocamadre.com\/?p=66416"},"modified":"2026-05-01T07:06:16","modified_gmt":"2026-05-01T13:06:16","slug":"tragedia-en-dia-del-nino-muere-menor-en-brutal-choque-en-toluca","status":"publish","type":"post","link":"https:\/\/quepocamadre.com\/?p=66416","title":{"rendered":"\u00a1TRAGEDIA EN D\u00cdA DEL NI\u00d1O! MUERE MENOR EN BRUTAL CHOQUE EN TOLUCA"},"content":{"rendered":"<p>Una adolescente de aproximadamente 14 a\u00f1os perdi\u00f3 la vida la ma\u00f1ana de este jueves tras un fuerte accidente en Calzada del Pac\u00edfico, en San Pedro Totoltepec.<\/p>\n<p>El veh\u00edculo en el que viajaba fue impactado por una camioneta, lo que provoc\u00f3 lesiones mortales a la menor, quien iba en la parte trasera.<\/p>\n<p>Param\u00e9dicos confirmaron su fallecimiento en el lugar, mientras otros ocupantes resultaron heridos. La zona fue acordonada y autoridades ya investigan las causas del percance.<\/p>\n","protected":false},"excerpt":{"rendered":"<p>Una adolescente de aproximadamente 14 a\u00f1os perdi\u00f3 la vida la ma\u00f1ana de este jueves tras un fuerte accidente en Calzada del Pac\u00edfico, en San Pedro Totoltepec. El veh\u00edculo en el que viajaba fue impactado por una camioneta, lo que provoc\u00f3 lesiones mortales a la menor, quien iba en la parte trasera. Param\u00e9dicos confirmaron su fallecimiento [&hellip;]<\/p>\n","protected":false},"author":1,"featured_media":66420,"comment_status":"closed","ping_status":"closed","sticky":false,"template":"","format":"standard","meta":{"footnotes":""},"categories":[102,103],"tags":[],"class_list":["post-66416","post","type-post","status-publish","format-standard","has-post-thumbnail","hentry","category-edomex","category-toluca"],"_links":{"self":[{"href":"https:\/\/quepocamadre.com\/index.php?rest_route=\/wp\/v2\/posts\/66416","targetHints":{"allow":["GET"]}}],"collection":[{"href":"https:\/\/quepocamadre.com\/index.php?rest_route=\/wp\/v2\/posts"}],"about":[{"href":"https:\/\/quepocamadre.com\/index.php?rest_route=\/wp\/v2\/types\/post"}],"author":[{"embeddable":true,"href":"https:\/\/quepocamadre.com\/index.php?rest_route=\/wp\/v2\/users\/1"}],"replies":[{"embeddable":true,"href":"https:\/\/quepocamadre.com\/index.php?rest_route=%2Fwp%2Fv2%2Fcomments&post=66416"}],"version-history":[{"count":1,"href":"https:\/\/quepocamadre.com\/index.php?rest_route=\/wp\/v2\/posts\/66416\/revisions"}],"predecessor-version":[{"id":66421,"href":"https:\/\/quepocamadre.com\/index.php?rest_route=\/wp\/v2\/posts\/66416\/revisions\/66421"}],"wp:featuredmedia":[{"embeddable":true,"href":"https:\/\/quepocamadre.com\/index.php?rest_route=\/wp\/v2\/media\/66420"}],"wp:attachment":[{"href":"https:\/\/quepocamadre.com\/index.php?rest_route=%2Fwp%2Fv2%2Fmedia&parent=66416"}],"wp:term":[{"taxonomy":"category","embeddable":true,"href":"https:\/\/quepocamadre.com\/index.php?rest_route=%2Fwp%2Fv2%2Fcategories&post=66416"},{"taxonomy":"post_tag","embeddable":true,"href":"https:\/\/quepocamadre.com\/index.php?rest_route=%2Fwp%2Fv2%2Ftags&post=66416"}],"curies":[{"name":"wp","href":"https:\/\/api.w.org\/{rel}","templated":true}]}}