{"id":66384,"date":"2026-04-30T11:04:06","date_gmt":"2026-04-30T17:04:06","guid":{"rendered":"https:\/\/quepocamadre.com\/?p=66384"},"modified":"2026-04-30T11:04:17","modified_gmt":"2026-04-30T17:04:17","slug":"tragedia-en-dia-del-nino-choque-devastador-deja-a-mujer-si-vida-dentro-de-su-auto-en-toluca","status":"publish","type":"post","link":"https:\/\/quepocamadre.com\/?p=66384","title":{"rendered":"TRAGEDIA EN D\u00cdA DEL NI\u00d1O: CHOQUE DEVASTADOR DEJA A MUJER SI VIDA DENTRO DE SU AUTO EN TOLUCA"},"content":{"rendered":"<p data-start=\"81\" data-end=\"422\">Lo que deb\u00eda ser una ma\u00f1ana de celebraci\u00f3n se convirti\u00f3 en una escena devastadora en Toluca. Sobre la Calzada del Pac\u00edfico, un fuerte impacto cambi\u00f3 todo en segundos: una mujer qued\u00f3 atrapada dentro de su VW Pointer blanco tras ser embestida por una camioneta. El silencio posterior al choque lo dijo todo\u2026 la tragedia ya estaba consumada.<\/p>\n<p data-start=\"424\" data-end=\"785\">Bomberos llegaron de inmediato para intentar rescatarla, pero ya no hab\u00eda nada que hacer. La v\u00edctima perdi\u00f3 la vida dentro de su propio veh\u00edculo, a la altura de una gasolinera en la delegaci\u00f3n San Buenaventura. Ahora, la zona permanece bajo resguardo mientras la Fiscal\u00eda realiza las diligencias, en un hecho que deja dolor en un d\u00eda que deb\u00eda ser de alegr\u00eda.<\/p>\n<p data-start=\"424\" data-end=\"785\"><a href=\"https:\/\/quepocamadre.com\/?attachment_id=66385\" rel=\"attachment wp-att-66385\"><img fetchpriority=\"high\" decoding=\"async\" class=\"alignnone size-full wp-image-66385\" src=\"https:\/\/quepocamadre.com\/wp-content\/uploads\/2026\/04\/Copia-de-DISENO-FOTO-VIDEO-2026-04-30T104519.275.png\" alt=\"\" width=\"940\" height=\"788\" srcset=\"https:\/\/quepocamadre.com\/wp-content\/uploads\/2026\/04\/Copia-de-DISENO-FOTO-VIDEO-2026-04-30T104519.275.png 940w, https:\/\/quepocamadre.com\/wp-content\/uploads\/2026\/04\/Copia-de-DISENO-FOTO-VIDEO-2026-04-30T104519.275-300x251.png 300w, https:\/\/quepocamadre.com\/wp-content\/uploads\/2026\/04\/Copia-de-DISENO-FOTO-VIDEO-2026-04-30T104519.275-768x644.png 768w\" sizes=\"(max-width: 940px) 100vw, 940px\" \/><\/a> <a href=\"https:\/\/quepocamadre.com\/?attachment_id=66386\" rel=\"attachment wp-att-66386\"><img decoding=\"async\" class=\"alignnone size-full wp-image-66386\" src=\"https:\/\/quepocamadre.com\/wp-content\/uploads\/2026\/04\/Copia-de-DISENO-FOTO-VIDEO-2026-04-30T104340.394.png\" alt=\"\" width=\"940\" height=\"788\" srcset=\"https:\/\/quepocamadre.com\/wp-content\/uploads\/2026\/04\/Copia-de-DISENO-FOTO-VIDEO-2026-04-30T104340.394.png 940w, https:\/\/quepocamadre.com\/wp-content\/uploads\/2026\/04\/Copia-de-DISENO-FOTO-VIDEO-2026-04-30T104340.394-300x251.png 300w, https:\/\/quepocamadre.com\/wp-content\/uploads\/2026\/04\/Copia-de-DISENO-FOTO-VIDEO-2026-04-30T104340.394-768x644.png 768w\" sizes=\"(max-width: 940px) 100vw, 940px\" \/><\/a><\/p>\n","protected":false},"excerpt":{"rendered":"<p>Lo que deb\u00eda ser una ma\u00f1ana de celebraci\u00f3n se convirti\u00f3 en una escena devastadora en Toluca. Sobre la Calzada del Pac\u00edfico, un fuerte impacto cambi\u00f3 todo en segundos: una mujer qued\u00f3 atrapada dentro de su VW Pointer blanco tras ser embestida por una camioneta. El silencio posterior al choque lo dijo todo\u2026 la tragedia ya [&hellip;]<\/p>\n","protected":false},"author":12,"featured_media":66387,"comment_status":"closed","ping_status":"closed","sticky":false,"template":"","format":"standard","meta":{"footnotes":""},"categories":[102,103,120],"tags":[],"class_list":["post-66384","post","type-post","status-publish","format-standard","has-post-thumbnail","hentry","category-edomex","category-toluca","category-valle-de-toluca"],"_links":{"self":[{"href":"https:\/\/quepocamadre.com\/index.php?rest_route=\/wp\/v2\/posts\/66384","targetHints":{"allow":["GET"]}}],"collection":[{"href":"https:\/\/quepocamadre.com\/index.php?rest_route=\/wp\/v2\/posts"}],"about":[{"href":"https:\/\/quepocamadre.com\/index.php?rest_route=\/wp\/v2\/types\/post"}],"author":[{"embeddable":true,"href":"https:\/\/quepocamadre.com\/index.php?rest_route=\/wp\/v2\/users\/12"}],"replies":[{"embeddable":true,"href":"https:\/\/quepocamadre.com\/index.php?rest_route=%2Fwp%2Fv2%2Fcomments&post=66384"}],"version-history":[{"count":1,"href":"https:\/\/quepocamadre.com\/index.php?rest_route=\/wp\/v2\/posts\/66384\/revisions"}],"predecessor-version":[{"id":66388,"href":"https:\/\/quepocamadre.com\/index.php?rest_route=\/wp\/v2\/posts\/66384\/revisions\/66388"}],"wp:featuredmedia":[{"embeddable":true,"href":"https:\/\/quepocamadre.com\/index.php?rest_route=\/wp\/v2\/media\/66387"}],"wp:attachment":[{"href":"https:\/\/quepocamadre.com\/index.php?rest_route=%2Fwp%2Fv2%2Fmedia&parent=66384"}],"wp:term":[{"taxonomy":"category","embeddable":true,"href":"https:\/\/quepocamadre.com\/index.php?rest_route=%2Fwp%2Fv2%2Fcategories&post=66384"},{"taxonomy":"post_tag","embeddable":true,"href":"https:\/\/quepocamadre.com\/index.php?rest_route=%2Fwp%2Fv2%2Ftags&post=66384"}],"curies":[{"name":"wp","href":"https:\/\/api.w.org\/{rel}","templated":true}]}}