{"id":66371,"date":"2026-04-30T08:17:09","date_gmt":"2026-04-30T14:17:09","guid":{"rendered":"https:\/\/quepocamadre.com\/?p=66371"},"modified":"2026-04-30T08:17:09","modified_gmt":"2026-04-30T14:17:09","slug":"me-estan-calumniando-rocha-moya-se-defiende-de-las-acusaciones-de-eua-en-su-contra","status":"publish","type":"post","link":"https:\/\/quepocamadre.com\/?p=66371","title":{"rendered":"\u00a1ME EST\u00c1N CALUMNIANDO! ROCHA MOYA SE DEFIENDE DE LAS ACUSACIONES DE EUA EN SU CONTRA"},"content":{"rendered":"<blockquote><p><strong>El gobernador de Sinaloa rechaza cargos por narcotr\u00e1fico y asegura que responder\u00e1 con contundencia; vincula acusaciones con una estrategia pol\u00edtica internacional.<\/strong><\/p><\/blockquote>\n<p>El gobernador de Sinaloa, Rub\u00e9n Rocha Moya, rechaz\u00f3 categ\u00f3ricamente las acusaciones en su contra presentadas por autoridades de Estados Unidos, calific\u00e1ndolas como carentes de veracidad y fundamento, y asegur\u00f3 que demostrar\u00e1 su falsedad de manera contundente.<\/p>\n<p>Las declaraciones surgen luego de que la Fiscal\u00eda Federal del Distrito Sur de Nueva York anunciara cargos penales contra el mandatario estatal y otros funcionarios, relacionados con presuntos delitos de narcotr\u00e1fico y tr\u00e1fico de armas. En paralelo, la Embajada estadounidense en M\u00e9xico defendi\u00f3 la importancia de la rendici\u00f3n de cuentas y advirti\u00f3 que los v\u00ednculos entre corrupci\u00f3n y crimen organizado ser\u00e1n perseguidos.<\/p>\n<p><a href=\"https:\/\/quepocamadre.com\/wp-content\/uploads\/2026\/04\/rocha.jpg\"><img fetchpriority=\"high\" decoding=\"async\" class=\"aligncenter size-full wp-image-66377\" src=\"https:\/\/quepocamadre.com\/wp-content\/uploads\/2026\/04\/rocha.jpg\" alt=\"\" width=\"1200\" height=\"801\" srcset=\"https:\/\/quepocamadre.com\/wp-content\/uploads\/2026\/04\/rocha.jpg 1200w, https:\/\/quepocamadre.com\/wp-content\/uploads\/2026\/04\/rocha-300x200.jpg 300w, https:\/\/quepocamadre.com\/wp-content\/uploads\/2026\/04\/rocha-1024x684.jpg 1024w, https:\/\/quepocamadre.com\/wp-content\/uploads\/2026\/04\/rocha-768x513.jpg 768w\" sizes=\"(max-width: 1200px) 100vw, 1200px\" \/><\/a><\/p>\n<p>En un posicionamiento p\u00fablico, Rocha Moya sostuvo que las acusaciones no solo lo afectan a \u00e9l, sino que forman parte de un ataque m\u00e1s amplio contra el movimiento de la Cuarta Transformaci\u00f3n.<\/p>\n<p>&#8220;El ataque no es \u00fanicamente a mi persona, sino al movimiento que representamos&#8221;, afirm\u00f3, al tiempo que vincul\u00f3 el caso con una supuesta estrategia para vulnerar la soberan\u00eda nacional mexicana.<\/p>\n<p><a href=\"https:\/\/quepocamadre.com\/wp-content\/uploads\/2026\/04\/rocha-4.jpg\"><img decoding=\"async\" class=\"aligncenter size-full wp-image-66376\" src=\"https:\/\/quepocamadre.com\/wp-content\/uploads\/2026\/04\/rocha-4.jpg\" alt=\"\" width=\"1200\" height=\"801\" srcset=\"https:\/\/quepocamadre.com\/wp-content\/uploads\/2026\/04\/rocha-4.jpg 1200w, https:\/\/quepocamadre.com\/wp-content\/uploads\/2026\/04\/rocha-4-300x200.jpg 300w, https:\/\/quepocamadre.com\/wp-content\/uploads\/2026\/04\/rocha-4-1024x684.jpg 1024w, https:\/\/quepocamadre.com\/wp-content\/uploads\/2026\/04\/rocha-4-768x513.jpg 768w\" sizes=\"(max-width: 1200px) 100vw, 1200px\" \/><\/a><\/p>\n<p>El mandatario incluso cit\u00f3 el art\u00edculo 40 constitucional para reforzar su postura, asegurando que M\u00e9xico es una naci\u00f3n libre y soberana, y que cualquier intento de intervenci\u00f3n externa representa una amenaza al orden constitucional.<\/p>\n<p>Rocha concluy\u00f3 su mensaje dirigi\u00e9ndose a la ciudadan\u00eda sinaloense, a quien prometi\u00f3 que con \u201cvalor y dignidad\u201d demostrar\u00e1 la falsedad de las acusaciones, aunque hasta el momento no ha detallado las acciones legales que emprender\u00e1.<\/p>\n","protected":false},"excerpt":{"rendered":"<p>El gobernador de Sinaloa rechaza cargos por narcotr\u00e1fico y asegura que responder\u00e1 con contundencia; vincula acusaciones con una estrategia pol\u00edtica internacional. El gobernador de Sinaloa, Rub\u00e9n Rocha Moya, rechaz\u00f3 categ\u00f3ricamente las acusaciones en su contra presentadas por autoridades de Estados Unidos, calific\u00e1ndolas como carentes de veracidad y fundamento, y asegur\u00f3 que demostrar\u00e1 su falsedad de [&hellip;]<\/p>\n","protected":false},"author":1,"featured_media":66375,"comment_status":"closed","ping_status":"closed","sticky":false,"template":"","format":"standard","meta":{"footnotes":""},"categories":[124,274,163],"tags":[],"class_list":["post-66371","post","type-post","status-publish","format-standard","has-post-thumbnail","hentry","category-nacional","category-portada","category-sinaloa"],"_links":{"self":[{"href":"https:\/\/quepocamadre.com\/index.php?rest_route=\/wp\/v2\/posts\/66371","targetHints":{"allow":["GET"]}}],"collection":[{"href":"https:\/\/quepocamadre.com\/index.php?rest_route=\/wp\/v2\/posts"}],"about":[{"href":"https:\/\/quepocamadre.com\/index.php?rest_route=\/wp\/v2\/types\/post"}],"author":[{"embeddable":true,"href":"https:\/\/quepocamadre.com\/index.php?rest_route=\/wp\/v2\/users\/1"}],"replies":[{"embeddable":true,"href":"https:\/\/quepocamadre.com\/index.php?rest_route=%2Fwp%2Fv2%2Fcomments&post=66371"}],"version-history":[{"count":1,"href":"https:\/\/quepocamadre.com\/index.php?rest_route=\/wp\/v2\/posts\/66371\/revisions"}],"predecessor-version":[{"id":66378,"href":"https:\/\/quepocamadre.com\/index.php?rest_route=\/wp\/v2\/posts\/66371\/revisions\/66378"}],"wp:featuredmedia":[{"embeddable":true,"href":"https:\/\/quepocamadre.com\/index.php?rest_route=\/wp\/v2\/media\/66375"}],"wp:attachment":[{"href":"https:\/\/quepocamadre.com\/index.php?rest_route=%2Fwp%2Fv2%2Fmedia&parent=66371"}],"wp:term":[{"taxonomy":"category","embeddable":true,"href":"https:\/\/quepocamadre.com\/index.php?rest_route=%2Fwp%2Fv2%2Fcategories&post=66371"},{"taxonomy":"post_tag","embeddable":true,"href":"https:\/\/quepocamadre.com\/index.php?rest_route=%2Fwp%2Fv2%2Ftags&post=66371"}],"curies":[{"name":"wp","href":"https:\/\/api.w.org\/{rel}","templated":true}]}}