{"id":66367,"date":"2026-04-30T08:15:33","date_gmt":"2026-04-30T14:15:33","guid":{"rendered":"https:\/\/quepocamadre.com\/?p=66367"},"modified":"2026-04-30T08:15:33","modified_gmt":"2026-04-30T14:15:33","slug":"delfina-gomez-reconoce-a-mandos-militares-por-su-labor-en-la-seguridad-de-la-entidad","status":"publish","type":"post","link":"https:\/\/quepocamadre.com\/?p=66367","title":{"rendered":"Delfina G\u00f3mez reconoce a mandos militares por su labor en la seguridad de la entidad"},"content":{"rendered":"<blockquote><p><strong>Destaca el impacto para consolidar la seguridad y la tranquilidad de la poblaci\u00f3n en el Edom\u00e9x.<\/strong><\/p><\/blockquote>\n<p>La gobernadora Delfina G\u00f3mez \u00c1lvarez reconoci\u00f3 la labor de las Fuerzas Armadas y su papel fundamental en el fortalecimiento de la seguridad en el Estado de M\u00e9xico, al destacar que la coordinaci\u00f3n interinstitucional ha sido clave para mejorar la percepci\u00f3n de tranquilidad entre la poblaci\u00f3n.<\/p>\n<p>Durante la Mesa de Paz n\u00famero 79, la mandataria estatal entreg\u00f3 un reconocimiento al General de Brigada EM, Lucio Vergara G\u00f3mez, Comandante de la 37\/a Zona Militar, as\u00ed como al General de Ala Piloto Aviador EM, Jos\u00e9 Antonio Sierra Amador, Comandante de la 1\/a Zona A\u00e9rea Militar, por su destacada labor en favor de las y los mexiquenses.<\/p>\n<p><a href=\"https:\/\/quepocamadre.com\/wp-content\/uploads\/2026\/04\/8DELFINA-9.jpg\"><img fetchpriority=\"high\" decoding=\"async\" class=\"aligncenter size-full wp-image-66372\" src=\"https:\/\/quepocamadre.com\/wp-content\/uploads\/2026\/04\/8DELFINA-9.jpg\" alt=\"\" width=\"1200\" height=\"801\" srcset=\"https:\/\/quepocamadre.com\/wp-content\/uploads\/2026\/04\/8DELFINA-9.jpg 1200w, https:\/\/quepocamadre.com\/wp-content\/uploads\/2026\/04\/8DELFINA-9-300x200.jpg 300w, https:\/\/quepocamadre.com\/wp-content\/uploads\/2026\/04\/8DELFINA-9-1024x684.jpg 1024w, https:\/\/quepocamadre.com\/wp-content\/uploads\/2026\/04\/8DELFINA-9-768x513.jpg 768w\" sizes=\"(max-width: 1200px) 100vw, 1200px\" \/><\/a><\/p>\n<p>La Gobernadora subray\u00f3 que el trabajo conjunto entre autoridades estatales, federales y municipales permite avanzar en la construcci\u00f3n de un entorno m\u00e1s seguro, al tiempo que reconoci\u00f3 el compromiso, disciplina y vocaci\u00f3n de servicio de las Fuerzas Armadas.<\/p>\n<p>&#8220;La coordinaci\u00f3n con las Fuerzas Armadas es esencial para consolidar un Edom\u00e9x seguro. Les agradecemos su servicio y su labor por la seguridad y paz para los mexiquenses y les deseamos \u00e9xito ante sus nuevas encomiendas&#8221;, expres\u00f3 en sus redes sociales.<\/p>\n<p>En esta sesi\u00f3n participaron Horacio Duarte Olivares, Secretario General de Gobierno; Crist\u00f3bal Casta\u00f1eda Camarillo, Secretario de Seguridad; Jos\u00e9 Luis Cervantes Mart\u00ednez, Fiscal General de Justicia del Estado de M\u00e9xico; as\u00ed como representantes de la Defensa, Marina, Guardia Nacional y el Centro Nacional de Inteligencia, quienes refrendaron su compromiso de mantener acciones conjuntas para garantizar la paz en la entidad.<\/p>\n","protected":false},"excerpt":{"rendered":"<p>Destaca el impacto para consolidar la seguridad y la tranquilidad de la poblaci\u00f3n en el Edom\u00e9x. La gobernadora Delfina G\u00f3mez \u00c1lvarez reconoci\u00f3 la labor de las Fuerzas Armadas y su papel fundamental en el fortalecimiento de la seguridad en el Estado de M\u00e9xico, al destacar que la coordinaci\u00f3n interinstitucional ha sido clave para mejorar la [&hellip;]<\/p>\n","protected":false},"author":1,"featured_media":66373,"comment_status":"closed","ping_status":"closed","sticky":false,"template":"","format":"standard","meta":{"footnotes":""},"categories":[102],"tags":[],"class_list":["post-66367","post","type-post","status-publish","format-standard","has-post-thumbnail","hentry","category-edomex"],"_links":{"self":[{"href":"https:\/\/quepocamadre.com\/index.php?rest_route=\/wp\/v2\/posts\/66367","targetHints":{"allow":["GET"]}}],"collection":[{"href":"https:\/\/quepocamadre.com\/index.php?rest_route=\/wp\/v2\/posts"}],"about":[{"href":"https:\/\/quepocamadre.com\/index.php?rest_route=\/wp\/v2\/types\/post"}],"author":[{"embeddable":true,"href":"https:\/\/quepocamadre.com\/index.php?rest_route=\/wp\/v2\/users\/1"}],"replies":[{"embeddable":true,"href":"https:\/\/quepocamadre.com\/index.php?rest_route=%2Fwp%2Fv2%2Fcomments&post=66367"}],"version-history":[{"count":1,"href":"https:\/\/quepocamadre.com\/index.php?rest_route=\/wp\/v2\/posts\/66367\/revisions"}],"predecessor-version":[{"id":66374,"href":"https:\/\/quepocamadre.com\/index.php?rest_route=\/wp\/v2\/posts\/66367\/revisions\/66374"}],"wp:featuredmedia":[{"embeddable":true,"href":"https:\/\/quepocamadre.com\/index.php?rest_route=\/wp\/v2\/media\/66373"}],"wp:attachment":[{"href":"https:\/\/quepocamadre.com\/index.php?rest_route=%2Fwp%2Fv2%2Fmedia&parent=66367"}],"wp:term":[{"taxonomy":"category","embeddable":true,"href":"https:\/\/quepocamadre.com\/index.php?rest_route=%2Fwp%2Fv2%2Fcategories&post=66367"},{"taxonomy":"post_tag","embeddable":true,"href":"https:\/\/quepocamadre.com\/index.php?rest_route=%2Fwp%2Fv2%2Ftags&post=66367"}],"curies":[{"name":"wp","href":"https:\/\/api.w.org\/{rel}","templated":true}]}}