{"id":66364,"date":"2026-04-30T08:14:44","date_gmt":"2026-04-30T14:14:44","guid":{"rendered":"https:\/\/quepocamadre.com\/?p=66364"},"modified":"2026-04-30T08:14:44","modified_gmt":"2026-04-30T14:14:44","slug":"dia-de-la-ninez-en-mexico-celebracion-entre-desigualdad-y-riesgo","status":"publish","type":"post","link":"https:\/\/quepocamadre.com\/?p=66364","title":{"rendered":"D\u00eda de la ni\u00f1ez en M\u00e9xico: celebraci\u00f3n entre desigualdad y riesgo"},"content":{"rendered":"<p>En el marco del D\u00eda de la Ni\u00f1ez, especialistas y organizaciones advierten que millones de menores en M\u00e9xico enfrentan condiciones que afectan su desarrollo, pese a los marcos legales que proh\u00edben el trabajo y la explotaci\u00f3n infantil.<\/p>\n<p>De acuerdo con estimaciones difundidas por World Vision M\u00e9xico, alrededor de 3.7 millones de ni\u00f1as, ni\u00f1os y adolescentes de entre 5 y 17 a\u00f1os realizan alg\u00fan tipo de trabajo infantil, de los cuales cerca de 2.1 millones participan en actividades no permitidas por la ley.<\/p>\n<p>M\u00e1s del 90% de estos menores se desempe\u00f1an en condiciones consideradas peligrosas, como labores agr\u00edcolas, manejo de maquinaria o actividades en la v\u00eda p\u00fablica, lo que impacta directamente en su educaci\u00f3n, salud y bienestar emocional.<\/p>\n<p>Organismos se\u00f1alan que estas problem\u00e1ticas reflejan desigualdades estructurales y la falta de oportunidades, por lo que llaman a reforzar pol\u00edticas p\u00fablicas, protecci\u00f3n social y acceso a educaci\u00f3n, con el fin de garantizar una infancia libre de violencia, explotaci\u00f3n y precariedad.<\/p>\n","protected":false},"excerpt":{"rendered":"<p>En el marco del D\u00eda de la Ni\u00f1ez, especialistas y organizaciones advierten que millones de menores en M\u00e9xico enfrentan condiciones que afectan su desarrollo, pese a los marcos legales que proh\u00edben el trabajo y la explotaci\u00f3n infantil. De acuerdo con estimaciones difundidas por World Vision M\u00e9xico, alrededor de 3.7 millones de ni\u00f1as, ni\u00f1os y adolescentes [&hellip;]<\/p>\n","protected":false},"author":1,"featured_media":66368,"comment_status":"closed","ping_status":"closed","sticky":false,"template":"","format":"standard","meta":{"footnotes":""},"categories":[124],"tags":[],"class_list":["post-66364","post","type-post","status-publish","format-standard","has-post-thumbnail","hentry","category-nacional"],"_links":{"self":[{"href":"https:\/\/quepocamadre.com\/index.php?rest_route=\/wp\/v2\/posts\/66364","targetHints":{"allow":["GET"]}}],"collection":[{"href":"https:\/\/quepocamadre.com\/index.php?rest_route=\/wp\/v2\/posts"}],"about":[{"href":"https:\/\/quepocamadre.com\/index.php?rest_route=\/wp\/v2\/types\/post"}],"author":[{"embeddable":true,"href":"https:\/\/quepocamadre.com\/index.php?rest_route=\/wp\/v2\/users\/1"}],"replies":[{"embeddable":true,"href":"https:\/\/quepocamadre.com\/index.php?rest_route=%2Fwp%2Fv2%2Fcomments&post=66364"}],"version-history":[{"count":1,"href":"https:\/\/quepocamadre.com\/index.php?rest_route=\/wp\/v2\/posts\/66364\/revisions"}],"predecessor-version":[{"id":66369,"href":"https:\/\/quepocamadre.com\/index.php?rest_route=\/wp\/v2\/posts\/66364\/revisions\/66369"}],"wp:featuredmedia":[{"embeddable":true,"href":"https:\/\/quepocamadre.com\/index.php?rest_route=\/wp\/v2\/media\/66368"}],"wp:attachment":[{"href":"https:\/\/quepocamadre.com\/index.php?rest_route=%2Fwp%2Fv2%2Fmedia&parent=66364"}],"wp:term":[{"taxonomy":"category","embeddable":true,"href":"https:\/\/quepocamadre.com\/index.php?rest_route=%2Fwp%2Fv2%2Fcategories&post=66364"},{"taxonomy":"post_tag","embeddable":true,"href":"https:\/\/quepocamadre.com\/index.php?rest_route=%2Fwp%2Fv2%2Ftags&post=66364"}],"curies":[{"name":"wp","href":"https:\/\/api.w.org\/{rel}","templated":true}]}}