{"id":66361,"date":"2026-04-30T08:14:04","date_gmt":"2026-04-30T14:14:04","guid":{"rendered":"https:\/\/quepocamadre.com\/?p=66361"},"modified":"2026-04-30T08:14:04","modified_gmt":"2026-04-30T14:14:04","slug":"van-por-el-estados-unidos-quiere-al-lider-de-la-catem-pedro-haces","status":"publish","type":"post","link":"https:\/\/quepocamadre.com\/?p=66361","title":{"rendered":"\u00a1Van por \u00e9l! Estados Unidos quiere al l\u00edder de la CATEM, Pedro Haces"},"content":{"rendered":"<p>Autoridades de Estados Unidos habr\u00edan solicitado informaci\u00f3n sobre el diputado federal Pedro Haces Barba, tambi\u00e9n l\u00edder de la Confederaci\u00f3n Aut\u00f3noma de Trabajadores y Empleados de M\u00e9xico, en un proceso que, seg\u00fan reportes, podr\u00eda estar relacionado con la revisi\u00f3n de su visa.<\/p>\n<p>Hasta el momento, no existe confirmaci\u00f3n oficial por parte del gobierno estadounidense ni de instancias mexicanas sobre el alcance de esta solicitud. El desarrollo fue reportado el 29 de abril de 2026 y se mantiene en el terreno de versiones no corroboradas p\u00fablicamente.<\/p>\n<p>Haces Barba ha negado previamente cualquier irregularidad en torno a su patrimonio, mientras que autoridades mexicanas no han emitido una postura al respecto.<\/p>\n<p>El caso surge en un contexto de di\u00e1logo bilateral sobre temas de transparencia y combate a la corrupci\u00f3n, aunque por ahora no hay detalles que permitan establecer responsabilidades o conclusiones formales.<\/p>\n","protected":false},"excerpt":{"rendered":"<p>Autoridades de Estados Unidos habr\u00edan solicitado informaci\u00f3n sobre el diputado federal Pedro Haces Barba, tambi\u00e9n l\u00edder de la Confederaci\u00f3n Aut\u00f3noma de Trabajadores y Empleados de M\u00e9xico, en un proceso que, seg\u00fan reportes, podr\u00eda estar relacionado con la revisi\u00f3n de su visa. Hasta el momento, no existe confirmaci\u00f3n oficial por parte del gobierno estadounidense ni de [&hellip;]<\/p>\n","protected":false},"author":1,"featured_media":66365,"comment_status":"closed","ping_status":"closed","sticky":false,"template":"","format":"standard","meta":{"footnotes":""},"categories":[124],"tags":[],"class_list":["post-66361","post","type-post","status-publish","format-standard","has-post-thumbnail","hentry","category-nacional"],"_links":{"self":[{"href":"https:\/\/quepocamadre.com\/index.php?rest_route=\/wp\/v2\/posts\/66361","targetHints":{"allow":["GET"]}}],"collection":[{"href":"https:\/\/quepocamadre.com\/index.php?rest_route=\/wp\/v2\/posts"}],"about":[{"href":"https:\/\/quepocamadre.com\/index.php?rest_route=\/wp\/v2\/types\/post"}],"author":[{"embeddable":true,"href":"https:\/\/quepocamadre.com\/index.php?rest_route=\/wp\/v2\/users\/1"}],"replies":[{"embeddable":true,"href":"https:\/\/quepocamadre.com\/index.php?rest_route=%2Fwp%2Fv2%2Fcomments&post=66361"}],"version-history":[{"count":1,"href":"https:\/\/quepocamadre.com\/index.php?rest_route=\/wp\/v2\/posts\/66361\/revisions"}],"predecessor-version":[{"id":66366,"href":"https:\/\/quepocamadre.com\/index.php?rest_route=\/wp\/v2\/posts\/66361\/revisions\/66366"}],"wp:featuredmedia":[{"embeddable":true,"href":"https:\/\/quepocamadre.com\/index.php?rest_route=\/wp\/v2\/media\/66365"}],"wp:attachment":[{"href":"https:\/\/quepocamadre.com\/index.php?rest_route=%2Fwp%2Fv2%2Fmedia&parent=66361"}],"wp:term":[{"taxonomy":"category","embeddable":true,"href":"https:\/\/quepocamadre.com\/index.php?rest_route=%2Fwp%2Fv2%2Fcategories&post=66361"},{"taxonomy":"post_tag","embeddable":true,"href":"https:\/\/quepocamadre.com\/index.php?rest_route=%2Fwp%2Fv2%2Ftags&post=66361"}],"curies":[{"name":"wp","href":"https:\/\/api.w.org\/{rel}","templated":true}]}}