{"id":66353,"date":"2026-04-30T08:12:35","date_gmt":"2026-04-30T14:12:35","guid":{"rendered":"https:\/\/quepocamadre.com\/?p=66353"},"modified":"2026-04-30T08:12:35","modified_gmt":"2026-04-30T14:12:35","slug":"cae-mando-policiaco-en-edomex-por-agredir-a-su-pareja","status":"publish","type":"post","link":"https:\/\/quepocamadre.com\/?p=66353","title":{"rendered":"Cae mando policiaco en Edom\u00e9x por agredir a su pareja"},"content":{"rendered":"<p>Edgar \u201cN\u201d, subdirector de Seguridad P\u00fablica de Xalatlaco, fue detenido por la Fiscal\u00eda del Estado de M\u00e9xico tras presuntamente golpear a su pareja el 22 de marzo en un domicilio de Almoloya del R\u00edo.<\/p>\n<p>La agresi\u00f3n fue videograbada y se difundi\u00f3 ampliamente en redes sociales, lo que deriv\u00f3 en una investigaci\u00f3n de oficio.<\/p>\n<p>El 28 de abril, al ser ubicado por agentes, intent\u00f3 sobornarlos para evitar su captura; sin embargo, durante una revisi\u00f3n le encontraron envoltorios con droga.<\/p>\n<p>Fue detenido por delitos contra la salud y cohecho, mientras la Fiscal\u00eda contin\u00faa integrando el caso por la agresi\u00f3n.<\/p>\n<p>El exmando policiaco fue puesto a disposici\u00f3n del Ministerio P\u00fablico, mientras que la Fiscal\u00eda contin\u00faa integrando la carpeta de investigaci\u00f3n por la agresi\u00f3n, as\u00ed como por otros posibles delitos en los que pudiera estar involucrado.<\/p>\n<p>Cabe se\u00f1alar que, hasta el momento, la v\u00edctima no ha sido localizada, por lo que las autoridades mantienen operativos para dar con su paradero y recabar su testimonio clave en el caso.<\/p>\n<p><a href=\"https:\/\/quepocamadre.com\/wp-content\/uploads\/2026\/04\/cae-2.jpg\"><img fetchpriority=\"high\" decoding=\"async\" class=\"aligncenter size-full wp-image-66358\" src=\"https:\/\/quepocamadre.com\/wp-content\/uploads\/2026\/04\/cae-2.jpg\" alt=\"\" width=\"1200\" height=\"801\" srcset=\"https:\/\/quepocamadre.com\/wp-content\/uploads\/2026\/04\/cae-2.jpg 1200w, https:\/\/quepocamadre.com\/wp-content\/uploads\/2026\/04\/cae-2-300x200.jpg 300w, https:\/\/quepocamadre.com\/wp-content\/uploads\/2026\/04\/cae-2-1024x684.jpg 1024w, https:\/\/quepocamadre.com\/wp-content\/uploads\/2026\/04\/cae-2-768x513.jpg 768w\" sizes=\"(max-width: 1200px) 100vw, 1200px\" \/><\/a><\/p>\n","protected":false},"excerpt":{"rendered":"<p>Edgar \u201cN\u201d, subdirector de Seguridad P\u00fablica de Xalatlaco, fue detenido por la Fiscal\u00eda del Estado de M\u00e9xico tras presuntamente golpear a su pareja el 22 de marzo en un domicilio de Almoloya del R\u00edo. La agresi\u00f3n fue videograbada y se difundi\u00f3 ampliamente en redes sociales, lo que deriv\u00f3 en una investigaci\u00f3n de oficio. El 28 [&hellip;]<\/p>\n","protected":false},"author":1,"featured_media":66357,"comment_status":"closed","ping_status":"closed","sticky":false,"template":"","format":"standard","meta":{"footnotes":""},"categories":[102,270],"tags":[],"class_list":["post-66353","post","type-post","status-publish","format-standard","has-post-thumbnail","hentry","category-edomex","category-xalatlaco"],"_links":{"self":[{"href":"https:\/\/quepocamadre.com\/index.php?rest_route=\/wp\/v2\/posts\/66353","targetHints":{"allow":["GET"]}}],"collection":[{"href":"https:\/\/quepocamadre.com\/index.php?rest_route=\/wp\/v2\/posts"}],"about":[{"href":"https:\/\/quepocamadre.com\/index.php?rest_route=\/wp\/v2\/types\/post"}],"author":[{"embeddable":true,"href":"https:\/\/quepocamadre.com\/index.php?rest_route=\/wp\/v2\/users\/1"}],"replies":[{"embeddable":true,"href":"https:\/\/quepocamadre.com\/index.php?rest_route=%2Fwp%2Fv2%2Fcomments&post=66353"}],"version-history":[{"count":1,"href":"https:\/\/quepocamadre.com\/index.php?rest_route=\/wp\/v2\/posts\/66353\/revisions"}],"predecessor-version":[{"id":66359,"href":"https:\/\/quepocamadre.com\/index.php?rest_route=\/wp\/v2\/posts\/66353\/revisions\/66359"}],"wp:featuredmedia":[{"embeddable":true,"href":"https:\/\/quepocamadre.com\/index.php?rest_route=\/wp\/v2\/media\/66357"}],"wp:attachment":[{"href":"https:\/\/quepocamadre.com\/index.php?rest_route=%2Fwp%2Fv2%2Fmedia&parent=66353"}],"wp:term":[{"taxonomy":"category","embeddable":true,"href":"https:\/\/quepocamadre.com\/index.php?rest_route=%2Fwp%2Fv2%2Fcategories&post=66353"},{"taxonomy":"post_tag","embeddable":true,"href":"https:\/\/quepocamadre.com\/index.php?rest_route=%2Fwp%2Fv2%2Ftags&post=66353"}],"curies":[{"name":"wp","href":"https:\/\/api.w.org\/{rel}","templated":true}]}}