{"id":66343,"date":"2026-04-30T08:10:13","date_gmt":"2026-04-30T14:10:13","guid":{"rendered":"https:\/\/quepocamadre.com\/?p=66343"},"modified":"2026-04-30T08:10:13","modified_gmt":"2026-04-30T14:10:13","slug":"choque-en-naucalpan-vecinos-vs-policias-por-obra-en-parque","status":"publish","type":"post","link":"https:\/\/quepocamadre.com\/?p=66343","title":{"rendered":"\u00a1CHOQUE EN NAUCALPAN! VECINOS VS POLIC\u00cdAS POR OBRA EN PARQUE"},"content":{"rendered":"<p>La entrada de maquinaria al parque \u201cF\u00e1brica de Sue\u00f1os\u201d desat\u00f3 un enfrentamiento entre colonos y polic\u00edas en Naucalpan.<\/p>\n<p>El saldo:fueron al menos 8 detenidos y fuerte tensi\u00f3n.<\/p>\n<p>Vecinos denuncian imposici\u00f3n del proyecto y uso de la fuerza; autoridades aseguran que es una obra de mitigaci\u00f3n ligada a un desarrollador privado. La zona se mantiene bajo protesta y vigilancia.<\/p>\n","protected":false},"excerpt":{"rendered":"<p>La entrada de maquinaria al parque \u201cF\u00e1brica de Sue\u00f1os\u201d desat\u00f3 un enfrentamiento entre colonos y polic\u00edas en Naucalpan. El saldo:fueron al menos 8 detenidos y fuerte tensi\u00f3n. Vecinos denuncian imposici\u00f3n del proyecto y uso de la fuerza; autoridades aseguran que es una obra de mitigaci\u00f3n ligada a un desarrollador privado. La zona se mantiene bajo [&hellip;]<\/p>\n","protected":false},"author":1,"featured_media":66347,"comment_status":"closed","ping_status":"closed","sticky":false,"template":"","format":"standard","meta":{"footnotes":""},"categories":[102,243],"tags":[],"class_list":["post-66343","post","type-post","status-publish","format-standard","has-post-thumbnail","hentry","category-edomex","category-naucalpan"],"_links":{"self":[{"href":"https:\/\/quepocamadre.com\/index.php?rest_route=\/wp\/v2\/posts\/66343","targetHints":{"allow":["GET"]}}],"collection":[{"href":"https:\/\/quepocamadre.com\/index.php?rest_route=\/wp\/v2\/posts"}],"about":[{"href":"https:\/\/quepocamadre.com\/index.php?rest_route=\/wp\/v2\/types\/post"}],"author":[{"embeddable":true,"href":"https:\/\/quepocamadre.com\/index.php?rest_route=\/wp\/v2\/users\/1"}],"replies":[{"embeddable":true,"href":"https:\/\/quepocamadre.com\/index.php?rest_route=%2Fwp%2Fv2%2Fcomments&post=66343"}],"version-history":[{"count":1,"href":"https:\/\/quepocamadre.com\/index.php?rest_route=\/wp\/v2\/posts\/66343\/revisions"}],"predecessor-version":[{"id":66348,"href":"https:\/\/quepocamadre.com\/index.php?rest_route=\/wp\/v2\/posts\/66343\/revisions\/66348"}],"wp:featuredmedia":[{"embeddable":true,"href":"https:\/\/quepocamadre.com\/index.php?rest_route=\/wp\/v2\/media\/66347"}],"wp:attachment":[{"href":"https:\/\/quepocamadre.com\/index.php?rest_route=%2Fwp%2Fv2%2Fmedia&parent=66343"}],"wp:term":[{"taxonomy":"category","embeddable":true,"href":"https:\/\/quepocamadre.com\/index.php?rest_route=%2Fwp%2Fv2%2Fcategories&post=66343"},{"taxonomy":"post_tag","embeddable":true,"href":"https:\/\/quepocamadre.com\/index.php?rest_route=%2Fwp%2Fv2%2Ftags&post=66343"}],"curies":[{"name":"wp","href":"https:\/\/api.w.org\/{rel}","templated":true}]}}