{"id":66340,"date":"2026-04-30T08:09:35","date_gmt":"2026-04-30T14:09:35","guid":{"rendered":"https:\/\/quepocamadre.com\/?p=66340"},"modified":"2026-04-30T08:09:35","modified_gmt":"2026-04-30T14:09:35","slug":"lo-apunalan-en-el-cuello-en-pleno-paseo-reforma","status":"publish","type":"post","link":"https:\/\/quepocamadre.com\/?p=66340","title":{"rendered":"LO APU\u00d1ALAN EN EL CUELLO EN PLENO PASEO REFORMA"},"content":{"rendered":"<p>Un hombre de aproximadamente 48 a\u00f1os fue encontrado gravemente herido tras ser atacado con arma blanca en el cruce de avenida Hidalgo y Paseo de la Reforma, en la colonia Guerrero, en la alcald\u00eda Cuauht\u00e9moc. La v\u00edctima presentaba una lesi\u00f3n en el cuello que puso en riesgo su vida.<\/p>\n<p>Param\u00e9dicos lo trasladaron de urgencia al Hospital Rub\u00e9n Le\u00f1ero, mientras elementos de la Secretar\u00eda de Seguridad Ciudadana de la Ciudad de M\u00e9xico lograron detener al presunto responsable, quien fue se\u00f1alado por la pareja del lesionado. Autoridades contin\u00faan con las investigaciones para esclarecer el caso.<\/p>\n","protected":false},"excerpt":{"rendered":"<p>Un hombre de aproximadamente 48 a\u00f1os fue encontrado gravemente herido tras ser atacado con arma blanca en el cruce de avenida Hidalgo y Paseo de la Reforma, en la colonia Guerrero, en la alcald\u00eda Cuauht\u00e9moc. La v\u00edctima presentaba una lesi\u00f3n en el cuello que puso en riesgo su vida. Param\u00e9dicos lo trasladaron de urgencia al [&hellip;]<\/p>\n","protected":false},"author":1,"featured_media":66344,"comment_status":"closed","ping_status":"closed","sticky":false,"template":"","format":"standard","meta":{"footnotes":""},"categories":[123],"tags":[],"class_list":["post-66340","post","type-post","status-publish","format-standard","has-post-thumbnail","hentry","category-cdmx"],"_links":{"self":[{"href":"https:\/\/quepocamadre.com\/index.php?rest_route=\/wp\/v2\/posts\/66340","targetHints":{"allow":["GET"]}}],"collection":[{"href":"https:\/\/quepocamadre.com\/index.php?rest_route=\/wp\/v2\/posts"}],"about":[{"href":"https:\/\/quepocamadre.com\/index.php?rest_route=\/wp\/v2\/types\/post"}],"author":[{"embeddable":true,"href":"https:\/\/quepocamadre.com\/index.php?rest_route=\/wp\/v2\/users\/1"}],"replies":[{"embeddable":true,"href":"https:\/\/quepocamadre.com\/index.php?rest_route=%2Fwp%2Fv2%2Fcomments&post=66340"}],"version-history":[{"count":1,"href":"https:\/\/quepocamadre.com\/index.php?rest_route=\/wp\/v2\/posts\/66340\/revisions"}],"predecessor-version":[{"id":66345,"href":"https:\/\/quepocamadre.com\/index.php?rest_route=\/wp\/v2\/posts\/66340\/revisions\/66345"}],"wp:featuredmedia":[{"embeddable":true,"href":"https:\/\/quepocamadre.com\/index.php?rest_route=\/wp\/v2\/media\/66344"}],"wp:attachment":[{"href":"https:\/\/quepocamadre.com\/index.php?rest_route=%2Fwp%2Fv2%2Fmedia&parent=66340"}],"wp:term":[{"taxonomy":"category","embeddable":true,"href":"https:\/\/quepocamadre.com\/index.php?rest_route=%2Fwp%2Fv2%2Fcategories&post=66340"},{"taxonomy":"post_tag","embeddable":true,"href":"https:\/\/quepocamadre.com\/index.php?rest_route=%2Fwp%2Fv2%2Ftags&post=66340"}],"curies":[{"name":"wp","href":"https:\/\/api.w.org\/{rel}","templated":true}]}}