{"id":66332,"date":"2026-04-30T08:06:51","date_gmt":"2026-04-30T14:06:51","guid":{"rendered":"https:\/\/quepocamadre.com\/?p=66332"},"modified":"2026-04-30T08:06:51","modified_gmt":"2026-04-30T14:06:51","slug":"asaltan-y-matan-a-bicitaxista-en-otzolotepec","status":"publish","type":"post","link":"https:\/\/quepocamadre.com\/?p=66332","title":{"rendered":"ASALTAN Y MATAN A BICITAXISTA EN OTZOLOTEPEC"},"content":{"rendered":"<p>Un joven de 34 a\u00f1os fue asesinado tras un presunto asalto cuando trabajaba como bicitaxista en el barrio de San Juan, en Otzolotepec. De acuerdo con reportes, dos hombres abordaron la unidad como pasajeros y, a un kil\u00f3metro del punto inicial, lo habr\u00edan atacado con un arma punzocortante para despojarlo de sus pertenencias.<\/p>\n<p>El cuerpo de la v\u00edctima, identificada como Jes\u00fas \u201cN\u201d, qued\u00f3 tendido junto a su veh\u00edculo en un camino de terracer\u00eda cercano al r\u00edo Solanos, en el barrio El Capul\u00edn. Elementos de seguridad acordonaron la zona mientras el Servicio M\u00e9dico Forense realiz\u00f3 el levantamiento del cuerpo y la Fiscal\u00eda General de Justicia del Estado de M\u00e9xico inici\u00f3 las investigaciones en el Estado de M\u00e9xico.<\/p>\n","protected":false},"excerpt":{"rendered":"<p>Un joven de 34 a\u00f1os fue asesinado tras un presunto asalto cuando trabajaba como bicitaxista en el barrio de San Juan, en Otzolotepec. De acuerdo con reportes, dos hombres abordaron la unidad como pasajeros y, a un kil\u00f3metro del punto inicial, lo habr\u00edan atacado con un arma punzocortante para despojarlo de sus pertenencias. El cuerpo [&hellip;]<\/p>\n","protected":false},"author":1,"featured_media":66337,"comment_status":"closed","ping_status":"closed","sticky":false,"template":"","format":"standard","meta":{"footnotes":""},"categories":[102,277],"tags":[],"class_list":["post-66332","post","type-post","status-publish","format-standard","has-post-thumbnail","hentry","category-edomex","category-otzolotepec"],"_links":{"self":[{"href":"https:\/\/quepocamadre.com\/index.php?rest_route=\/wp\/v2\/posts\/66332","targetHints":{"allow":["GET"]}}],"collection":[{"href":"https:\/\/quepocamadre.com\/index.php?rest_route=\/wp\/v2\/posts"}],"about":[{"href":"https:\/\/quepocamadre.com\/index.php?rest_route=\/wp\/v2\/types\/post"}],"author":[{"embeddable":true,"href":"https:\/\/quepocamadre.com\/index.php?rest_route=\/wp\/v2\/users\/1"}],"replies":[{"embeddable":true,"href":"https:\/\/quepocamadre.com\/index.php?rest_route=%2Fwp%2Fv2%2Fcomments&post=66332"}],"version-history":[{"count":1,"href":"https:\/\/quepocamadre.com\/index.php?rest_route=\/wp\/v2\/posts\/66332\/revisions"}],"predecessor-version":[{"id":66338,"href":"https:\/\/quepocamadre.com\/index.php?rest_route=\/wp\/v2\/posts\/66332\/revisions\/66338"}],"wp:featuredmedia":[{"embeddable":true,"href":"https:\/\/quepocamadre.com\/index.php?rest_route=\/wp\/v2\/media\/66337"}],"wp:attachment":[{"href":"https:\/\/quepocamadre.com\/index.php?rest_route=%2Fwp%2Fv2%2Fmedia&parent=66332"}],"wp:term":[{"taxonomy":"category","embeddable":true,"href":"https:\/\/quepocamadre.com\/index.php?rest_route=%2Fwp%2Fv2%2Fcategories&post=66332"},{"taxonomy":"post_tag","embeddable":true,"href":"https:\/\/quepocamadre.com\/index.php?rest_route=%2Fwp%2Fv2%2Ftags&post=66332"}],"curies":[{"name":"wp","href":"https:\/\/api.w.org\/{rel}","templated":true}]}}