{"id":66326,"date":"2026-04-30T08:05:34","date_gmt":"2026-04-30T14:05:34","guid":{"rendered":"https:\/\/quepocamadre.com\/?p=66326"},"modified":"2026-04-30T08:05:34","modified_gmt":"2026-04-30T14:05:34","slug":"derrapo-y-termino-en-charco-de-sangre","status":"publish","type":"post","link":"https:\/\/quepocamadre.com\/?p=66326","title":{"rendered":"DERRAP\u00d3 Y TERMIN\u00d3 EN CHARCO DE SANGRE"},"content":{"rendered":"<p>Una mujer de entre 30 y 35 a\u00f1os result\u00f3 lesionada tras derrapar la motocicleta en la que viajaba como acompa\u00f1ante sobre la avenida Antonio Delf\u00edn Madrigal, a la altura de la calle Escolar, en la zona de Ciudad Universitaria, en la alcald\u00eda Coyoac\u00e1n. El accidente la dej\u00f3 tendida sobre el asfalto con una lesi\u00f3n en la cabeza.<\/p>\n<p>Elementos de seguridad y Protecci\u00f3n Civil acudieron al lugar para brindarle atenci\u00f3n prehospitalaria, diagnostic\u00e1ndole una herida abierta de aproximadamente 3 cent\u00edmetros en la zona temporal, adem\u00e1s de quemaduras. Aunque se solicit\u00f3 el apoyo de una ambulancia, la mujer fue trasladada por sus propios medios a un hospital para su valoraci\u00f3n m\u00e9dica.<\/p>\n","protected":false},"excerpt":{"rendered":"<p>Una mujer de entre 30 y 35 a\u00f1os result\u00f3 lesionada tras derrapar la motocicleta en la que viajaba como acompa\u00f1ante sobre la avenida Antonio Delf\u00edn Madrigal, a la altura de la calle Escolar, en la zona de Ciudad Universitaria, en la alcald\u00eda Coyoac\u00e1n. El accidente la dej\u00f3 tendida sobre el asfalto con una lesi\u00f3n en [&hellip;]<\/p>\n","protected":false},"author":1,"featured_media":66330,"comment_status":"closed","ping_status":"closed","sticky":false,"template":"","format":"standard","meta":{"footnotes":""},"categories":[123],"tags":[],"class_list":["post-66326","post","type-post","status-publish","format-standard","has-post-thumbnail","hentry","category-cdmx"],"_links":{"self":[{"href":"https:\/\/quepocamadre.com\/index.php?rest_route=\/wp\/v2\/posts\/66326","targetHints":{"allow":["GET"]}}],"collection":[{"href":"https:\/\/quepocamadre.com\/index.php?rest_route=\/wp\/v2\/posts"}],"about":[{"href":"https:\/\/quepocamadre.com\/index.php?rest_route=\/wp\/v2\/types\/post"}],"author":[{"embeddable":true,"href":"https:\/\/quepocamadre.com\/index.php?rest_route=\/wp\/v2\/users\/1"}],"replies":[{"embeddable":true,"href":"https:\/\/quepocamadre.com\/index.php?rest_route=%2Fwp%2Fv2%2Fcomments&post=66326"}],"version-history":[{"count":1,"href":"https:\/\/quepocamadre.com\/index.php?rest_route=\/wp\/v2\/posts\/66326\/revisions"}],"predecessor-version":[{"id":66331,"href":"https:\/\/quepocamadre.com\/index.php?rest_route=\/wp\/v2\/posts\/66326\/revisions\/66331"}],"wp:featuredmedia":[{"embeddable":true,"href":"https:\/\/quepocamadre.com\/index.php?rest_route=\/wp\/v2\/media\/66330"}],"wp:attachment":[{"href":"https:\/\/quepocamadre.com\/index.php?rest_route=%2Fwp%2Fv2%2Fmedia&parent=66326"}],"wp:term":[{"taxonomy":"category","embeddable":true,"href":"https:\/\/quepocamadre.com\/index.php?rest_route=%2Fwp%2Fv2%2Fcategories&post=66326"},{"taxonomy":"post_tag","embeddable":true,"href":"https:\/\/quepocamadre.com\/index.php?rest_route=%2Fwp%2Fv2%2Ftags&post=66326"}],"curies":[{"name":"wp","href":"https:\/\/api.w.org\/{rel}","templated":true}]}}