{"id":66322,"date":"2026-04-30T08:04:59","date_gmt":"2026-04-30T14:04:59","guid":{"rendered":"https:\/\/quepocamadre.com\/?p=66322"},"modified":"2026-04-30T08:04:59","modified_gmt":"2026-04-30T14:04:59","slug":"lo-ejecutan-mientras-barria-su-banqueta-en-colima","status":"publish","type":"post","link":"https:\/\/quepocamadre.com\/?p=66322","title":{"rendered":"LO EJECUTAN MIENTRAS BARR\u00cdA SU BANQUETA EN COLIMA"},"content":{"rendered":"<p>Un hombre fue asesinado a balazos la ma\u00f1ana de este mi\u00e9rcoles en la colonia F\u00e1tima, en Colima, mientras realizaba labores de limpieza afuera de su domicilio. De acuerdo con los primeros reportes, sujetos armados lo sorprendieron en la calle Daniel Larios, casi esquina con Motolinia, y le dispararon directamente en la cabeza.<\/p>\n<p>La v\u00edctima falleci\u00f3 en el lugar, generando la movilizaci\u00f3n de autoridades que acordonaron la zona para realizar las diligencias correspondientes. Posteriormente, el cuerpo fue trasladado al Servicio M\u00e9dico Forense, mientras contin\u00faan las investigaciones para dar con los responsables.<\/p>\n","protected":false},"excerpt":{"rendered":"<p>Un hombre fue asesinado a balazos la ma\u00f1ana de este mi\u00e9rcoles en la colonia F\u00e1tima, en Colima, mientras realizaba labores de limpieza afuera de su domicilio. De acuerdo con los primeros reportes, sujetos armados lo sorprendieron en la calle Daniel Larios, casi esquina con Motolinia, y le dispararon directamente en la cabeza. La v\u00edctima falleci\u00f3 [&hellip;]<\/p>\n","protected":false},"author":1,"featured_media":66327,"comment_status":"closed","ping_status":"closed","sticky":false,"template":"","format":"standard","meta":{"footnotes":""},"categories":[182,124],"tags":[],"class_list":["post-66322","post","type-post","status-publish","format-standard","has-post-thumbnail","hentry","category-colima","category-nacional"],"_links":{"self":[{"href":"https:\/\/quepocamadre.com\/index.php?rest_route=\/wp\/v2\/posts\/66322","targetHints":{"allow":["GET"]}}],"collection":[{"href":"https:\/\/quepocamadre.com\/index.php?rest_route=\/wp\/v2\/posts"}],"about":[{"href":"https:\/\/quepocamadre.com\/index.php?rest_route=\/wp\/v2\/types\/post"}],"author":[{"embeddable":true,"href":"https:\/\/quepocamadre.com\/index.php?rest_route=\/wp\/v2\/users\/1"}],"replies":[{"embeddable":true,"href":"https:\/\/quepocamadre.com\/index.php?rest_route=%2Fwp%2Fv2%2Fcomments&post=66322"}],"version-history":[{"count":1,"href":"https:\/\/quepocamadre.com\/index.php?rest_route=\/wp\/v2\/posts\/66322\/revisions"}],"predecessor-version":[{"id":66328,"href":"https:\/\/quepocamadre.com\/index.php?rest_route=\/wp\/v2\/posts\/66322\/revisions\/66328"}],"wp:featuredmedia":[{"embeddable":true,"href":"https:\/\/quepocamadre.com\/index.php?rest_route=\/wp\/v2\/media\/66327"}],"wp:attachment":[{"href":"https:\/\/quepocamadre.com\/index.php?rest_route=%2Fwp%2Fv2%2Fmedia&parent=66322"}],"wp:term":[{"taxonomy":"category","embeddable":true,"href":"https:\/\/quepocamadre.com\/index.php?rest_route=%2Fwp%2Fv2%2Fcategories&post=66322"},{"taxonomy":"post_tag","embeddable":true,"href":"https:\/\/quepocamadre.com\/index.php?rest_route=%2Fwp%2Fv2%2Ftags&post=66322"}],"curies":[{"name":"wp","href":"https:\/\/api.w.org\/{rel}","templated":true}]}}