{"id":66305,"date":"2026-04-29T10:44:26","date_gmt":"2026-04-29T16:44:26","guid":{"rendered":"https:\/\/quepocamadre.com\/?p=66305"},"modified":"2026-04-29T10:44:26","modified_gmt":"2026-04-29T16:44:26","slug":"como-todas-las-mananas-jesus-salio-a-trabajar-pero-hoy-lo-encontraron-sin-vida-junto-a-su-bicitaxi","status":"publish","type":"post","link":"https:\/\/quepocamadre.com\/?p=66305","title":{"rendered":"COMO TODAS LAS MA\u00d1ANAS JES\u00daS SALI\u00d3 A TRABAJAR\u2026 PERO HOY LO ENCONTRARON SIN VIDA JUNTO A SU BICITAXI"},"content":{"rendered":"<p>La ma\u00f1ana en Villa Cuauht\u00e9moc, #Otzolotepec, comenz\u00f3 con una escena que nadie esperaba. A un costado del r\u00edo Los Ajolotes, sobre un camino de terracer\u00eda, un bicitaxista yac\u00eda frente a su unidad\u2026 inm\u00f3vil. Su herramienta de trabajo qued\u00f3 ah\u00ed, como testigo silencioso de lo ocurrido.<\/p>\n<p>Vecinos relatan que el hombre identificado por vecinos como Jes\u00fas Amado presentaba una herida provocada por un objeto punzocortante. Aunque llamaron de inmediato a emergencias, ya no hab\u00eda nada que hacer. La principal hip\u00f3tesis apunta a un posible asalto en plena ruta, pero ser\u00e1 la Fiscal\u00eda quien determine qu\u00e9 pas\u00f3 realmente. Hoy, la zona permanece acordonada y una familia m\u00e1s enfrenta el dolor de una p\u00e9rdida que pudo evitarse.<\/p>\n<p>&nbsp;<\/p>\n<p><a href=\"https:\/\/quepocamadre.com\/?attachment_id=66308\" rel=\"attachment wp-att-66308\"><img fetchpriority=\"high\" decoding=\"async\" class=\"alignnone size-full wp-image-66308\" src=\"https:\/\/quepocamadre.com\/wp-content\/uploads\/2026\/04\/Copia-de-DISENO-FOTO-VIDEO-2026-04-29T102226.073.png\" alt=\"\" width=\"940\" height=\"788\" srcset=\"https:\/\/quepocamadre.com\/wp-content\/uploads\/2026\/04\/Copia-de-DISENO-FOTO-VIDEO-2026-04-29T102226.073.png 940w, https:\/\/quepocamadre.com\/wp-content\/uploads\/2026\/04\/Copia-de-DISENO-FOTO-VIDEO-2026-04-29T102226.073-300x251.png 300w, https:\/\/quepocamadre.com\/wp-content\/uploads\/2026\/04\/Copia-de-DISENO-FOTO-VIDEO-2026-04-29T102226.073-768x644.png 768w\" sizes=\"(max-width: 940px) 100vw, 940px\" \/><\/a>\u00a0<a href=\"https:\/\/quepocamadre.com\/?attachment_id=66310\" rel=\"attachment wp-att-66310\"><img decoding=\"async\" class=\"alignnone size-full wp-image-66310\" src=\"https:\/\/quepocamadre.com\/wp-content\/uploads\/2026\/04\/Copia-de-DISENO-FOTO-VIDEO-2026-04-29T103813.868-2.png\" alt=\"\" width=\"940\" height=\"788\" srcset=\"https:\/\/quepocamadre.com\/wp-content\/uploads\/2026\/04\/Copia-de-DISENO-FOTO-VIDEO-2026-04-29T103813.868-2.png 940w, https:\/\/quepocamadre.com\/wp-content\/uploads\/2026\/04\/Copia-de-DISENO-FOTO-VIDEO-2026-04-29T103813.868-2-300x251.png 300w, https:\/\/quepocamadre.com\/wp-content\/uploads\/2026\/04\/Copia-de-DISENO-FOTO-VIDEO-2026-04-29T103813.868-2-768x644.png 768w\" sizes=\"(max-width: 940px) 100vw, 940px\" \/><\/a><\/p>\n","protected":false},"excerpt":{"rendered":"<p>La ma\u00f1ana en Villa Cuauht\u00e9moc, #Otzolotepec, comenz\u00f3 con una escena que nadie esperaba. A un costado del r\u00edo Los Ajolotes, sobre un camino de terracer\u00eda, un bicitaxista yac\u00eda frente a su unidad\u2026 inm\u00f3vil. Su herramienta de trabajo qued\u00f3 ah\u00ed, como testigo silencioso de lo ocurrido. Vecinos relatan que el hombre identificado por vecinos como Jes\u00fas [&hellip;]<\/p>\n","protected":false},"author":12,"featured_media":66309,"comment_status":"closed","ping_status":"closed","sticky":false,"template":"","format":"standard","meta":{"footnotes":""},"categories":[102,277,120],"tags":[],"class_list":["post-66305","post","type-post","status-publish","format-standard","has-post-thumbnail","hentry","category-edomex","category-otzolotepec","category-valle-de-toluca"],"_links":{"self":[{"href":"https:\/\/quepocamadre.com\/index.php?rest_route=\/wp\/v2\/posts\/66305","targetHints":{"allow":["GET"]}}],"collection":[{"href":"https:\/\/quepocamadre.com\/index.php?rest_route=\/wp\/v2\/posts"}],"about":[{"href":"https:\/\/quepocamadre.com\/index.php?rest_route=\/wp\/v2\/types\/post"}],"author":[{"embeddable":true,"href":"https:\/\/quepocamadre.com\/index.php?rest_route=\/wp\/v2\/users\/12"}],"replies":[{"embeddable":true,"href":"https:\/\/quepocamadre.com\/index.php?rest_route=%2Fwp%2Fv2%2Fcomments&post=66305"}],"version-history":[{"count":1,"href":"https:\/\/quepocamadre.com\/index.php?rest_route=\/wp\/v2\/posts\/66305\/revisions"}],"predecessor-version":[{"id":66311,"href":"https:\/\/quepocamadre.com\/index.php?rest_route=\/wp\/v2\/posts\/66305\/revisions\/66311"}],"wp:featuredmedia":[{"embeddable":true,"href":"https:\/\/quepocamadre.com\/index.php?rest_route=\/wp\/v2\/media\/66309"}],"wp:attachment":[{"href":"https:\/\/quepocamadre.com\/index.php?rest_route=%2Fwp%2Fv2%2Fmedia&parent=66305"}],"wp:term":[{"taxonomy":"category","embeddable":true,"href":"https:\/\/quepocamadre.com\/index.php?rest_route=%2Fwp%2Fv2%2Fcategories&post=66305"},{"taxonomy":"post_tag","embeddable":true,"href":"https:\/\/quepocamadre.com\/index.php?rest_route=%2Fwp%2Fv2%2Ftags&post=66305"}],"curies":[{"name":"wp","href":"https:\/\/api.w.org\/{rel}","templated":true}]}}