{"id":66289,"date":"2026-04-29T07:52:14","date_gmt":"2026-04-29T13:52:14","guid":{"rendered":"https:\/\/quepocamadre.com\/?p=66289"},"modified":"2026-04-29T07:52:14","modified_gmt":"2026-04-29T13:52:14","slug":"sin-marcel-ni-charly-asi-la-lista-de-jugadores-de-la-liga-mx-para-el-mundial","status":"publish","type":"post","link":"https:\/\/quepocamadre.com\/?p=66289","title":{"rendered":"\u00a1Sin Marcel ni Charly! As\u00ed la lista de jugadores de la Liga MX para el Mundial"},"content":{"rendered":"<p>Javier Aguirre defini\u00f3 la lista de jugadores de la Liga MX que utilizar\u00e1 rumbo al Mundial, con movimientos que generaron sorpresa.<\/p>\n<p>Entre las ausencias m\u00e1s llamativas destacan Carlos Rodr\u00edguez de Cruz Azul y Marcel Ruiz de Deportivo Toluca FC, este \u00faltimo condicionado por su situaci\u00f3n f\u00edsica. Sin embargo, versiones apuntan a que Ruiz podr\u00eda ser considerado en la lista definitiva del 1 de junio si logra tener actividad y buen rendimiento en la liguilla.<\/p>\n<p>En contraste, una de las inclusiones inesperadas fue la de Guillermo Mart\u00ednez de Pumas UNAM, quien pese a no tener regularidad en convocatorias anteriores, logr\u00f3 ganarse un lugar en esta etapa.<\/p>\n<p>La lista a\u00fan podr\u00eda sufrir ajustes en las pr\u00f3ximas semanas, en funci\u00f3n del rendimiento de los jugadores y su estado f\u00edsico, de cara a la convocatoria final rumbo a la Copa del Mundo.<\/p>\n","protected":false},"excerpt":{"rendered":"<p>Javier Aguirre defini\u00f3 la lista de jugadores de la Liga MX que utilizar\u00e1 rumbo al Mundial, con movimientos que generaron sorpresa. Entre las ausencias m\u00e1s llamativas destacan Carlos Rodr\u00edguez de Cruz Azul y Marcel Ruiz de Deportivo Toluca FC, este \u00faltimo condicionado por su situaci\u00f3n f\u00edsica. Sin embargo, versiones apuntan a que Ruiz podr\u00eda ser [&hellip;]<\/p>\n","protected":false},"author":1,"featured_media":66293,"comment_status":"closed","ping_status":"closed","sticky":false,"template":"","format":"standard","meta":{"footnotes":""},"categories":[124],"tags":[],"class_list":["post-66289","post","type-post","status-publish","format-standard","has-post-thumbnail","hentry","category-nacional"],"_links":{"self":[{"href":"https:\/\/quepocamadre.com\/index.php?rest_route=\/wp\/v2\/posts\/66289","targetHints":{"allow":["GET"]}}],"collection":[{"href":"https:\/\/quepocamadre.com\/index.php?rest_route=\/wp\/v2\/posts"}],"about":[{"href":"https:\/\/quepocamadre.com\/index.php?rest_route=\/wp\/v2\/types\/post"}],"author":[{"embeddable":true,"href":"https:\/\/quepocamadre.com\/index.php?rest_route=\/wp\/v2\/users\/1"}],"replies":[{"embeddable":true,"href":"https:\/\/quepocamadre.com\/index.php?rest_route=%2Fwp%2Fv2%2Fcomments&post=66289"}],"version-history":[{"count":1,"href":"https:\/\/quepocamadre.com\/index.php?rest_route=\/wp\/v2\/posts\/66289\/revisions"}],"predecessor-version":[{"id":66294,"href":"https:\/\/quepocamadre.com\/index.php?rest_route=\/wp\/v2\/posts\/66289\/revisions\/66294"}],"wp:featuredmedia":[{"embeddable":true,"href":"https:\/\/quepocamadre.com\/index.php?rest_route=\/wp\/v2\/media\/66293"}],"wp:attachment":[{"href":"https:\/\/quepocamadre.com\/index.php?rest_route=%2Fwp%2Fv2%2Fmedia&parent=66289"}],"wp:term":[{"taxonomy":"category","embeddable":true,"href":"https:\/\/quepocamadre.com\/index.php?rest_route=%2Fwp%2Fv2%2Fcategories&post=66289"},{"taxonomy":"post_tag","embeddable":true,"href":"https:\/\/quepocamadre.com\/index.php?rest_route=%2Fwp%2Fv2%2Ftags&post=66289"}],"curies":[{"name":"wp","href":"https:\/\/api.w.org\/{rel}","templated":true}]}}