{"id":66285,"date":"2026-04-29T07:51:46","date_gmt":"2026-04-29T13:51:46","guid":{"rendered":"https:\/\/quepocamadre.com\/?p=66285"},"modified":"2026-04-29T07:51:46","modified_gmt":"2026-04-29T13:51:46","slug":"si-vas-a-salir-de-puente-aguas-suben-las-casetas","status":"publish","type":"post","link":"https:\/\/quepocamadre.com\/?p=66285","title":{"rendered":"Si vas a salir de puente \u00a1Aguas! Suben las casetas"},"content":{"rendered":"<p>De cara al puente del D\u00eda del Trabajo, miles de viajeros se preparan para salir a carretera, pero con un costo mayor. La Caminos y Puentes Federales anunci\u00f3 un incremento del 4.7% en las tarifas de peaje, lo que impacta directamente en el gasto de automovilistas y motociclistas en todo el pa\u00eds.<\/p>\n<p>Entre las rutas m\u00e1s costosas destacan trayectos de largo recorrido como Tepic-Mazatl\u00e1n, con un peaje superior a mil pesos para autos, y la autopista Durango-Mazatl\u00e1n, considerada una de las m\u00e1s caras y complejas por su infraestructura. Tambi\u00e9n figuran corredores tur\u00edsticos y comerciales clave como M\u00e9rida-Canc\u00fan y Cuernavaca-Acapulco.<\/p>\n<p>Otras autopistas con tarifas elevadas son Tehuac\u00e1n-Oaxaca, La Tinaja-Cosoleacaque, Estaci\u00f3n Don-Nogales y Barranca Larga-Ventanilla, donde los costos var\u00edan entre los 300 y 800 pesos para autom\u00f3viles. Incluso rutas m\u00e1s cortas como C\u00f3rdoba-Veracruz mantienen precios significativos.<\/p>\n<p>Autoridades recomiendan planear los viajes con anticipaci\u00f3n, considerar rutas alternas y revisar el presupuesto, ya que el incremento en casetas se suma a otros gastos como combustible, en una temporada de alta movilidad en las carreteras del pa\u00eds.<\/p>\n","protected":false},"excerpt":{"rendered":"<p>De cara al puente del D\u00eda del Trabajo, miles de viajeros se preparan para salir a carretera, pero con un costo mayor. La Caminos y Puentes Federales anunci\u00f3 un incremento del 4.7% en las tarifas de peaje, lo que impacta directamente en el gasto de automovilistas y motociclistas en todo el pa\u00eds. Entre las rutas [&hellip;]<\/p>\n","protected":false},"author":1,"featured_media":66290,"comment_status":"closed","ping_status":"closed","sticky":false,"template":"","format":"standard","meta":{"footnotes":""},"categories":[124],"tags":[],"class_list":["post-66285","post","type-post","status-publish","format-standard","has-post-thumbnail","hentry","category-nacional"],"_links":{"self":[{"href":"https:\/\/quepocamadre.com\/index.php?rest_route=\/wp\/v2\/posts\/66285","targetHints":{"allow":["GET"]}}],"collection":[{"href":"https:\/\/quepocamadre.com\/index.php?rest_route=\/wp\/v2\/posts"}],"about":[{"href":"https:\/\/quepocamadre.com\/index.php?rest_route=\/wp\/v2\/types\/post"}],"author":[{"embeddable":true,"href":"https:\/\/quepocamadre.com\/index.php?rest_route=\/wp\/v2\/users\/1"}],"replies":[{"embeddable":true,"href":"https:\/\/quepocamadre.com\/index.php?rest_route=%2Fwp%2Fv2%2Fcomments&post=66285"}],"version-history":[{"count":1,"href":"https:\/\/quepocamadre.com\/index.php?rest_route=\/wp\/v2\/posts\/66285\/revisions"}],"predecessor-version":[{"id":66291,"href":"https:\/\/quepocamadre.com\/index.php?rest_route=\/wp\/v2\/posts\/66285\/revisions\/66291"}],"wp:featuredmedia":[{"embeddable":true,"href":"https:\/\/quepocamadre.com\/index.php?rest_route=\/wp\/v2\/media\/66290"}],"wp:attachment":[{"href":"https:\/\/quepocamadre.com\/index.php?rest_route=%2Fwp%2Fv2%2Fmedia&parent=66285"}],"wp:term":[{"taxonomy":"category","embeddable":true,"href":"https:\/\/quepocamadre.com\/index.php?rest_route=%2Fwp%2Fv2%2Fcategories&post=66285"},{"taxonomy":"post_tag","embeddable":true,"href":"https:\/\/quepocamadre.com\/index.php?rest_route=%2Fwp%2Fv2%2Ftags&post=66285"}],"curies":[{"name":"wp","href":"https:\/\/api.w.org\/{rel}","templated":true}]}}