{"id":66269,"date":"2026-04-29T07:49:22","date_gmt":"2026-04-29T13:49:22","guid":{"rendered":"https:\/\/quepocamadre.com\/?p=66269"},"modified":"2026-04-29T07:49:22","modified_gmt":"2026-04-29T13:49:22","slug":"balacera-e-incendios-paralizan-la-mexico-puebla","status":"publish","type":"post","link":"https:\/\/quepocamadre.com\/?p=66269","title":{"rendered":"BALACERA E INCENDIOS PARALIZAN LA M\u00c9XICO\u2013PUEBLA"},"content":{"rendered":"<p>Un violento ataque armado desat\u00f3 el caos en la autopista M\u00e9xico\u2013Puebla, a la altura del kil\u00f3metro 68, en el paraje \u201cEl Pipir\u00edn\u201d, dentro de Puebla. Sujetos encapuchados irrumpieron en la zona y dispararon contra cuadrillas de mantenimiento, para despu\u00e9s incendiar maquinaria pesada y unidades de carga, provocando columnas de humo visibles a kil\u00f3metros y el cierre total de la circulaci\u00f3n.<\/p>\n<p>De acuerdo con versiones preliminares, la agresi\u00f3n estar\u00eda relacionada con disputas por contratos de obra p\u00fablica y el control del transporte de materiales. Elementos de la Guardia Nacional desplegaron un operativo en coordinaci\u00f3n con autoridades locales, mientras Caminos y Puentes Federales suspendi\u00f3 los trabajos por falta de condiciones de seguridad. Hasta el momento no se reportan detenidos y la vialidad presenta severos retrasos.<\/p>\n","protected":false},"excerpt":{"rendered":"<p>Un violento ataque armado desat\u00f3 el caos en la autopista M\u00e9xico\u2013Puebla, a la altura del kil\u00f3metro 68, en el paraje \u201cEl Pipir\u00edn\u201d, dentro de Puebla. Sujetos encapuchados irrumpieron en la zona y dispararon contra cuadrillas de mantenimiento, para despu\u00e9s incendiar maquinaria pesada y unidades de carga, provocando columnas de humo visibles a kil\u00f3metros y el [&hellip;]<\/p>\n","protected":false},"author":1,"featured_media":66274,"comment_status":"closed","ping_status":"closed","sticky":false,"template":"","format":"standard","meta":{"footnotes":""},"categories":[124,132],"tags":[],"class_list":["post-66269","post","type-post","status-publish","format-standard","has-post-thumbnail","hentry","category-nacional","category-puebla"],"_links":{"self":[{"href":"https:\/\/quepocamadre.com\/index.php?rest_route=\/wp\/v2\/posts\/66269","targetHints":{"allow":["GET"]}}],"collection":[{"href":"https:\/\/quepocamadre.com\/index.php?rest_route=\/wp\/v2\/posts"}],"about":[{"href":"https:\/\/quepocamadre.com\/index.php?rest_route=\/wp\/v2\/types\/post"}],"author":[{"embeddable":true,"href":"https:\/\/quepocamadre.com\/index.php?rest_route=\/wp\/v2\/users\/1"}],"replies":[{"embeddable":true,"href":"https:\/\/quepocamadre.com\/index.php?rest_route=%2Fwp%2Fv2%2Fcomments&post=66269"}],"version-history":[{"count":1,"href":"https:\/\/quepocamadre.com\/index.php?rest_route=\/wp\/v2\/posts\/66269\/revisions"}],"predecessor-version":[{"id":66275,"href":"https:\/\/quepocamadre.com\/index.php?rest_route=\/wp\/v2\/posts\/66269\/revisions\/66275"}],"wp:featuredmedia":[{"embeddable":true,"href":"https:\/\/quepocamadre.com\/index.php?rest_route=\/wp\/v2\/media\/66274"}],"wp:attachment":[{"href":"https:\/\/quepocamadre.com\/index.php?rest_route=%2Fwp%2Fv2%2Fmedia&parent=66269"}],"wp:term":[{"taxonomy":"category","embeddable":true,"href":"https:\/\/quepocamadre.com\/index.php?rest_route=%2Fwp%2Fv2%2Fcategories&post=66269"},{"taxonomy":"post_tag","embeddable":true,"href":"https:\/\/quepocamadre.com\/index.php?rest_route=%2Fwp%2Fv2%2Ftags&post=66269"}],"curies":[{"name":"wp","href":"https:\/\/api.w.org\/{rel}","templated":true}]}}