{"id":66258,"date":"2026-04-29T07:47:28","date_gmt":"2026-04-29T13:47:28","guid":{"rendered":"https:\/\/quepocamadre.com\/?p=66258"},"modified":"2026-04-29T07:47:28","modified_gmt":"2026-04-29T13:47:28","slug":"mototaxi-calcinado-con-cuerpo-desata-operativo-en-morelos","status":"publish","type":"post","link":"https:\/\/quepocamadre.com\/?p=66258","title":{"rendered":"MOTOTAXI CALCINADO CON CUERPO DESATA OPERATIVO EN MORELOS"},"content":{"rendered":"<p>Un macabro hallazgo moviliz\u00f3 a las autoridades en la colonia Benito Ju\u00e1rez, en Coatetelco, luego de que fuera localizado un mototaxi completamente consumido por el fuego con un cuerpo en su interior. El reporte fue realizado por un habitante que transitaba por un camino de terracer\u00eda en la prolongaci\u00f3n de la calle Felipe \u00c1ngeles.<\/p>\n<p>Al arribar, polic\u00edas confirmaron la presencia de una persona sin vida dentro de la unidad calcinada, por lo que acordonaron la zona para preservar indicios. Personal de la Fiscal\u00eda General del Estado de Morelos realiz\u00f3 las diligencias y el levantamiento del cuerpo, cuya identidad a\u00fan se desconoce. Las investigaciones contin\u00faan para esclarecer lo ocurrido en el Morelos.<\/p>\n","protected":false},"excerpt":{"rendered":"<p>Un macabro hallazgo moviliz\u00f3 a las autoridades en la colonia Benito Ju\u00e1rez, en Coatetelco, luego de que fuera localizado un mototaxi completamente consumido por el fuego con un cuerpo en su interior. El reporte fue realizado por un habitante que transitaba por un camino de terracer\u00eda en la prolongaci\u00f3n de la calle Felipe \u00c1ngeles. Al [&hellip;]<\/p>\n","protected":false},"author":1,"featured_media":66263,"comment_status":"closed","ping_status":"closed","sticky":false,"template":"","format":"standard","meta":{"footnotes":""},"categories":[171,124],"tags":[],"class_list":["post-66258","post","type-post","status-publish","format-standard","has-post-thumbnail","hentry","category-morelos","category-nacional"],"_links":{"self":[{"href":"https:\/\/quepocamadre.com\/index.php?rest_route=\/wp\/v2\/posts\/66258","targetHints":{"allow":["GET"]}}],"collection":[{"href":"https:\/\/quepocamadre.com\/index.php?rest_route=\/wp\/v2\/posts"}],"about":[{"href":"https:\/\/quepocamadre.com\/index.php?rest_route=\/wp\/v2\/types\/post"}],"author":[{"embeddable":true,"href":"https:\/\/quepocamadre.com\/index.php?rest_route=\/wp\/v2\/users\/1"}],"replies":[{"embeddable":true,"href":"https:\/\/quepocamadre.com\/index.php?rest_route=%2Fwp%2Fv2%2Fcomments&post=66258"}],"version-history":[{"count":1,"href":"https:\/\/quepocamadre.com\/index.php?rest_route=\/wp\/v2\/posts\/66258\/revisions"}],"predecessor-version":[{"id":66264,"href":"https:\/\/quepocamadre.com\/index.php?rest_route=\/wp\/v2\/posts\/66258\/revisions\/66264"}],"wp:featuredmedia":[{"embeddable":true,"href":"https:\/\/quepocamadre.com\/index.php?rest_route=\/wp\/v2\/media\/66263"}],"wp:attachment":[{"href":"https:\/\/quepocamadre.com\/index.php?rest_route=%2Fwp%2Fv2%2Fmedia&parent=66258"}],"wp:term":[{"taxonomy":"category","embeddable":true,"href":"https:\/\/quepocamadre.com\/index.php?rest_route=%2Fwp%2Fv2%2Fcategories&post=66258"},{"taxonomy":"post_tag","embeddable":true,"href":"https:\/\/quepocamadre.com\/index.php?rest_route=%2Fwp%2Fv2%2Ftags&post=66258"}],"curies":[{"name":"wp","href":"https:\/\/api.w.org\/{rel}","templated":true}]}}