{"id":66254,"date":"2026-04-29T07:46:53","date_gmt":"2026-04-29T13:46:53","guid":{"rendered":"https:\/\/quepocamadre.com\/?p=66254"},"modified":"2026-04-29T07:46:53","modified_gmt":"2026-04-29T13:46:53","slug":"detenido-por-matar-y-ocultar-el-cuerpo-de-su-madre-en-oaxaca","status":"publish","type":"post","link":"https:\/\/quepocamadre.com\/?p=66254","title":{"rendered":"DETENIDO POR MATAR Y OCULTAR EL CUERPO DE SU MADRE EN OAXACA"},"content":{"rendered":"<p>Un hecho estremecedor sacudi\u00f3 a la comunidad de Puerto Paloma, en San Pedro Tapanatepec, donde un hombre fue detenido como presunto responsable del asesinato de su madre. De acuerdo con reportes, el sujeto habr\u00eda agredido a la v\u00edctima hasta causarle la muerte y posteriormente intent\u00f3 ocultar el cuerpo en una zona apartada.<\/p>\n<p>Tras las sospechas de vecinos, autoridades intervinieron y evitaron que el hombre fuera agredido por pobladores, procediendo a su detenci\u00f3n. La Fiscal\u00eda General del Estado de Oaxaca inici\u00f3 la carpeta de investigaci\u00f3n para esclarecer los hechos en el Oaxaca, mientras se determinan las responsabilidades legales correspondientes.<\/p>\n","protected":false},"excerpt":{"rendered":"<p>Un hecho estremecedor sacudi\u00f3 a la comunidad de Puerto Paloma, en San Pedro Tapanatepec, donde un hombre fue detenido como presunto responsable del asesinato de su madre. De acuerdo con reportes, el sujeto habr\u00eda agredido a la v\u00edctima hasta causarle la muerte y posteriormente intent\u00f3 ocultar el cuerpo en una zona apartada. Tras las sospechas [&hellip;]<\/p>\n","protected":false},"author":1,"featured_media":66259,"comment_status":"closed","ping_status":"closed","sticky":false,"template":"","format":"standard","meta":{"footnotes":""},"categories":[124,165],"tags":[],"class_list":["post-66254","post","type-post","status-publish","format-standard","has-post-thumbnail","hentry","category-nacional","category-oaxaca"],"_links":{"self":[{"href":"https:\/\/quepocamadre.com\/index.php?rest_route=\/wp\/v2\/posts\/66254","targetHints":{"allow":["GET"]}}],"collection":[{"href":"https:\/\/quepocamadre.com\/index.php?rest_route=\/wp\/v2\/posts"}],"about":[{"href":"https:\/\/quepocamadre.com\/index.php?rest_route=\/wp\/v2\/types\/post"}],"author":[{"embeddable":true,"href":"https:\/\/quepocamadre.com\/index.php?rest_route=\/wp\/v2\/users\/1"}],"replies":[{"embeddable":true,"href":"https:\/\/quepocamadre.com\/index.php?rest_route=%2Fwp%2Fv2%2Fcomments&post=66254"}],"version-history":[{"count":1,"href":"https:\/\/quepocamadre.com\/index.php?rest_route=\/wp\/v2\/posts\/66254\/revisions"}],"predecessor-version":[{"id":66260,"href":"https:\/\/quepocamadre.com\/index.php?rest_route=\/wp\/v2\/posts\/66254\/revisions\/66260"}],"wp:featuredmedia":[{"embeddable":true,"href":"https:\/\/quepocamadre.com\/index.php?rest_route=\/wp\/v2\/media\/66259"}],"wp:attachment":[{"href":"https:\/\/quepocamadre.com\/index.php?rest_route=%2Fwp%2Fv2%2Fmedia&parent=66254"}],"wp:term":[{"taxonomy":"category","embeddable":true,"href":"https:\/\/quepocamadre.com\/index.php?rest_route=%2Fwp%2Fv2%2Fcategories&post=66254"},{"taxonomy":"post_tag","embeddable":true,"href":"https:\/\/quepocamadre.com\/index.php?rest_route=%2Fwp%2Fv2%2Ftags&post=66254"}],"curies":[{"name":"wp","href":"https:\/\/api.w.org\/{rel}","templated":true}]}}