{"id":66251,"date":"2026-04-29T07:46:16","date_gmt":"2026-04-29T13:46:16","guid":{"rendered":"https:\/\/quepocamadre.com\/?p=66251"},"modified":"2026-04-29T07:46:16","modified_gmt":"2026-04-29T13:46:16","slug":"muere-hombre-tras-caer-de-segundo-piso-en-escobedo","status":"publish","type":"post","link":"https:\/\/quepocamadre.com\/?p=66251","title":{"rendered":"MUERE HOMBRE TRAS CAER DE SEGUNDO PISO EN ESCOBEDO"},"content":{"rendered":"<p>Un hombre perdi\u00f3 la vida tras presuntamente caer desde el segundo piso de un domicilio en el municipio de General Escobedo. El hecho ocurri\u00f3 la noche del martes en una vivienda de la colonia Ampliaci\u00f3n Eulalio Villarreal, donde vecinos alertaron a las autoridades al ver a la persona inconsciente en el patio.<\/p>\n<p>Param\u00e9dicos de la Cruz Roja Metropolitana acudieron al sitio, pero confirmaron que ya no contaba con signos vitales debido a las lesiones por la ca\u00edda. La Fiscal\u00eda General de Justicia del Estado de Nuevo Le\u00f3n inici\u00f3 las investigaciones para esclarecer las circunstancias del deceso en el Nuevo Le\u00f3n.<\/p>\n","protected":false},"excerpt":{"rendered":"<p>Un hombre perdi\u00f3 la vida tras presuntamente caer desde el segundo piso de un domicilio en el municipio de General Escobedo. El hecho ocurri\u00f3 la noche del martes en una vivienda de la colonia Ampliaci\u00f3n Eulalio Villarreal, donde vecinos alertaron a las autoridades al ver a la persona inconsciente en el patio. Param\u00e9dicos de la [&hellip;]<\/p>\n","protected":false},"author":1,"featured_media":66255,"comment_status":"closed","ping_status":"closed","sticky":false,"template":"","format":"standard","meta":{"footnotes":""},"categories":[124,169],"tags":[],"class_list":["post-66251","post","type-post","status-publish","format-standard","has-post-thumbnail","hentry","category-nacional","category-nuevo-leon"],"_links":{"self":[{"href":"https:\/\/quepocamadre.com\/index.php?rest_route=\/wp\/v2\/posts\/66251","targetHints":{"allow":["GET"]}}],"collection":[{"href":"https:\/\/quepocamadre.com\/index.php?rest_route=\/wp\/v2\/posts"}],"about":[{"href":"https:\/\/quepocamadre.com\/index.php?rest_route=\/wp\/v2\/types\/post"}],"author":[{"embeddable":true,"href":"https:\/\/quepocamadre.com\/index.php?rest_route=\/wp\/v2\/users\/1"}],"replies":[{"embeddable":true,"href":"https:\/\/quepocamadre.com\/index.php?rest_route=%2Fwp%2Fv2%2Fcomments&post=66251"}],"version-history":[{"count":1,"href":"https:\/\/quepocamadre.com\/index.php?rest_route=\/wp\/v2\/posts\/66251\/revisions"}],"predecessor-version":[{"id":66256,"href":"https:\/\/quepocamadre.com\/index.php?rest_route=\/wp\/v2\/posts\/66251\/revisions\/66256"}],"wp:featuredmedia":[{"embeddable":true,"href":"https:\/\/quepocamadre.com\/index.php?rest_route=\/wp\/v2\/media\/66255"}],"wp:attachment":[{"href":"https:\/\/quepocamadre.com\/index.php?rest_route=%2Fwp%2Fv2%2Fmedia&parent=66251"}],"wp:term":[{"taxonomy":"category","embeddable":true,"href":"https:\/\/quepocamadre.com\/index.php?rest_route=%2Fwp%2Fv2%2Fcategories&post=66251"},{"taxonomy":"post_tag","embeddable":true,"href":"https:\/\/quepocamadre.com\/index.php?rest_route=%2Fwp%2Fv2%2Ftags&post=66251"}],"curies":[{"name":"wp","href":"https:\/\/api.w.org\/{rel}","templated":true}]}}