{"id":66248,"date":"2026-04-29T07:45:43","date_gmt":"2026-04-29T13:45:43","guid":{"rendered":"https:\/\/quepocamadre.com\/?p=66248"},"modified":"2026-04-29T07:45:43","modified_gmt":"2026-04-29T13:45:43","slug":"por-ir-hecho-un-rayo-termina-volcado-y-de-cabeza","status":"publish","type":"post","link":"https:\/\/quepocamadre.com\/?p=66248","title":{"rendered":"POR IR HECHO UN RAYO TERMINA VOLCADO Y DE CABEZA"},"content":{"rendered":"<p>El exceso de velocidad provoc\u00f3 que el conductor de un veh\u00edculo compacto terminara volcado, con las llantas hacia arriba, mientras circulaba sobre avenida Luis Cabrera, a la altura de la calle Presilla, en la colonia Lomas de Quebrada, en la alcald\u00eda Magdalena Contreras.<\/p>\n<p>El aparatoso accidente gener\u00f3 la movilizaci\u00f3n de cuerpos de emergencia y autoridades en la zona. Hasta el momento no se ha informado sobre personas lesionadas de gravedad, mientras se realizan las diligencias correspondientes para determinar c\u00f3mo ocurri\u00f3 el percance.<\/p>\n","protected":false},"excerpt":{"rendered":"<p>El exceso de velocidad provoc\u00f3 que el conductor de un veh\u00edculo compacto terminara volcado, con las llantas hacia arriba, mientras circulaba sobre avenida Luis Cabrera, a la altura de la calle Presilla, en la colonia Lomas de Quebrada, en la alcald\u00eda Magdalena Contreras. El aparatoso accidente gener\u00f3 la movilizaci\u00f3n de cuerpos de emergencia y autoridades [&hellip;]<\/p>\n","protected":false},"author":1,"featured_media":66252,"comment_status":"closed","ping_status":"closed","sticky":false,"template":"","format":"standard","meta":{"footnotes":""},"categories":[123],"tags":[],"class_list":["post-66248","post","type-post","status-publish","format-standard","has-post-thumbnail","hentry","category-cdmx"],"_links":{"self":[{"href":"https:\/\/quepocamadre.com\/index.php?rest_route=\/wp\/v2\/posts\/66248","targetHints":{"allow":["GET"]}}],"collection":[{"href":"https:\/\/quepocamadre.com\/index.php?rest_route=\/wp\/v2\/posts"}],"about":[{"href":"https:\/\/quepocamadre.com\/index.php?rest_route=\/wp\/v2\/types\/post"}],"author":[{"embeddable":true,"href":"https:\/\/quepocamadre.com\/index.php?rest_route=\/wp\/v2\/users\/1"}],"replies":[{"embeddable":true,"href":"https:\/\/quepocamadre.com\/index.php?rest_route=%2Fwp%2Fv2%2Fcomments&post=66248"}],"version-history":[{"count":1,"href":"https:\/\/quepocamadre.com\/index.php?rest_route=\/wp\/v2\/posts\/66248\/revisions"}],"predecessor-version":[{"id":66253,"href":"https:\/\/quepocamadre.com\/index.php?rest_route=\/wp\/v2\/posts\/66248\/revisions\/66253"}],"wp:featuredmedia":[{"embeddable":true,"href":"https:\/\/quepocamadre.com\/index.php?rest_route=\/wp\/v2\/media\/66252"}],"wp:attachment":[{"href":"https:\/\/quepocamadre.com\/index.php?rest_route=%2Fwp%2Fv2%2Fmedia&parent=66248"}],"wp:term":[{"taxonomy":"category","embeddable":true,"href":"https:\/\/quepocamadre.com\/index.php?rest_route=%2Fwp%2Fv2%2Fcategories&post=66248"},{"taxonomy":"post_tag","embeddable":true,"href":"https:\/\/quepocamadre.com\/index.php?rest_route=%2Fwp%2Fv2%2Ftags&post=66248"}],"curies":[{"name":"wp","href":"https:\/\/api.w.org\/{rel}","templated":true}]}}