{"id":66244,"date":"2026-04-29T07:44:40","date_gmt":"2026-04-29T13:44:40","guid":{"rendered":"https:\/\/quepocamadre.com\/?p=66244"},"modified":"2026-04-29T07:44:40","modified_gmt":"2026-04-29T13:44:40","slug":"toca-cables-y-cae-al-vacio-muere-electrocutado-en-plena-faena","status":"publish","type":"post","link":"https:\/\/quepocamadre.com\/?p=66244","title":{"rendered":"\u00a1TOCA CABLES Y CAE AL VAC\u00cdO! MUERE ELECTROCUTADO EN PLENA FAENA"},"content":{"rendered":"<p>Un hombre de 27 a\u00f1os perdi\u00f3 la vida tras recibir una descarga el\u00e9ctrica al tocar cables de la Comisi\u00f3n Federal de Electricidad mientras realizaba trabajos en una vivienda de la colonia Ignacio Zaragoza, en la alcald\u00eda Venustiano Carranza. Tras la descarga, cay\u00f3 desde una altura aproximada de 10 metros.<\/p>\n<p>Elementos de seguridad, param\u00e9dicos y Protecci\u00f3n Civil acudieron al lugar, pero confirmaron que el joven ya no contaba con signos vitales. La zona fue acordonada mientras se realizaban las diligencias correspondientes para esclarecer el accidente.<\/p>\n","protected":false},"excerpt":{"rendered":"<p>Un hombre de 27 a\u00f1os perdi\u00f3 la vida tras recibir una descarga el\u00e9ctrica al tocar cables de la Comisi\u00f3n Federal de Electricidad mientras realizaba trabajos en una vivienda de la colonia Ignacio Zaragoza, en la alcald\u00eda Venustiano Carranza. Tras la descarga, cay\u00f3 desde una altura aproximada de 10 metros. Elementos de seguridad, param\u00e9dicos y Protecci\u00f3n [&hellip;]<\/p>\n","protected":false},"author":1,"featured_media":66246,"comment_status":"closed","ping_status":"closed","sticky":false,"template":"","format":"standard","meta":{"footnotes":""},"categories":[123],"tags":[],"class_list":["post-66244","post","type-post","status-publish","format-standard","has-post-thumbnail","hentry","category-cdmx"],"_links":{"self":[{"href":"https:\/\/quepocamadre.com\/index.php?rest_route=\/wp\/v2\/posts\/66244","targetHints":{"allow":["GET"]}}],"collection":[{"href":"https:\/\/quepocamadre.com\/index.php?rest_route=\/wp\/v2\/posts"}],"about":[{"href":"https:\/\/quepocamadre.com\/index.php?rest_route=\/wp\/v2\/types\/post"}],"author":[{"embeddable":true,"href":"https:\/\/quepocamadre.com\/index.php?rest_route=\/wp\/v2\/users\/1"}],"replies":[{"embeddable":true,"href":"https:\/\/quepocamadre.com\/index.php?rest_route=%2Fwp%2Fv2%2Fcomments&post=66244"}],"version-history":[{"count":1,"href":"https:\/\/quepocamadre.com\/index.php?rest_route=\/wp\/v2\/posts\/66244\/revisions"}],"predecessor-version":[{"id":66247,"href":"https:\/\/quepocamadre.com\/index.php?rest_route=\/wp\/v2\/posts\/66244\/revisions\/66247"}],"wp:featuredmedia":[{"embeddable":true,"href":"https:\/\/quepocamadre.com\/index.php?rest_route=\/wp\/v2\/media\/66246"}],"wp:attachment":[{"href":"https:\/\/quepocamadre.com\/index.php?rest_route=%2Fwp%2Fv2%2Fmedia&parent=66244"}],"wp:term":[{"taxonomy":"category","embeddable":true,"href":"https:\/\/quepocamadre.com\/index.php?rest_route=%2Fwp%2Fv2%2Fcategories&post=66244"},{"taxonomy":"post_tag","embeddable":true,"href":"https:\/\/quepocamadre.com\/index.php?rest_route=%2Fwp%2Fv2%2Ftags&post=66244"}],"curies":[{"name":"wp","href":"https:\/\/api.w.org\/{rel}","templated":true}]}}