{"id":66227,"date":"2026-04-28T10:19:59","date_gmt":"2026-04-28T16:19:59","guid":{"rendered":"https:\/\/quepocamadre.com\/?p=66227"},"modified":"2026-04-28T10:19:59","modified_gmt":"2026-04-28T16:19:59","slug":"cae-chofer-de-transporte-publico-quien-atropello-y-le-arrebato-la-vida-a-ciclista-en-toluca","status":"publish","type":"post","link":"https:\/\/quepocamadre.com\/?p=66227","title":{"rendered":"CAE CH\u00d3FER DE TRANSPORTE P\u00daBLICO QUIEN ATROPELL\u00d3 Y LE ARREBAT\u00d3 LA VIDA A CICLISTA EN TOLUCA"},"content":{"rendered":"<p data-start=\"69\" data-end=\"231\">Un operador de transporte p\u00fablico fue detenido en <strong data-start=\"119\" data-end=\"129\">Toluca<\/strong> tras ser se\u00f1alado por <strong data-start=\"152\" data-end=\"198\">arrollar y causar la muerte de un ciclista<\/strong> en la colonia <strong data-start=\"213\" data-end=\"230\">San Sebasti\u00e1n<\/strong>.<\/p>\n<p data-start=\"233\" data-end=\"470\">De acuerdo con los reportes, el conductor, identificado como <strong data-start=\"294\" data-end=\"328\">Jos\u00e9 Prudencio \u201cN\u201d, de 64 a\u00f1os<\/strong>, intent\u00f3 darse a la fuga; sin embargo, un operativo apoyado por <strong data-start=\"393\" data-end=\"423\">c\u00e1maras de videovigilancia<\/strong> permiti\u00f3 ubicarlo y detenerlo calles adelante.<\/p>\n<p data-start=\"233\" data-end=\"470\"><a href=\"https:\/\/quepocamadre.com\/?attachment_id=66228\" rel=\"attachment wp-att-66228\"><img fetchpriority=\"high\" decoding=\"async\" class=\"alignnone size-full wp-image-66228\" src=\"https:\/\/quepocamadre.com\/wp-content\/uploads\/2026\/04\/Copia-de-DISENO-FOTO-VIDEO-2026-04-28T100506.804.png\" alt=\"\" width=\"940\" height=\"788\" srcset=\"https:\/\/quepocamadre.com\/wp-content\/uploads\/2026\/04\/Copia-de-DISENO-FOTO-VIDEO-2026-04-28T100506.804.png 940w, https:\/\/quepocamadre.com\/wp-content\/uploads\/2026\/04\/Copia-de-DISENO-FOTO-VIDEO-2026-04-28T100506.804-300x251.png 300w, https:\/\/quepocamadre.com\/wp-content\/uploads\/2026\/04\/Copia-de-DISENO-FOTO-VIDEO-2026-04-28T100506.804-768x644.png 768w\" sizes=\"(max-width: 940px) 100vw, 940px\" \/><\/a><\/p>\n<p data-start=\"472\" data-end=\"697\">Param\u00e9dicos confirmaron que la v\u00edctima <strong data-start=\"511\" data-end=\"547\">ya no contaba con signos vitales<\/strong> en el lugar. El detenido fue puesto a disposici\u00f3n de la <strong data-start=\"604\" data-end=\"637\">Fiscal\u00eda del Estado de M\u00e9xico<\/strong>, con sede en Metepec, donde se definir\u00e1 su situaci\u00f3n legal.<\/p>\n<p data-start=\"472\" data-end=\"697\">\n<p data-start=\"472\" data-end=\"697\"><a href=\"https:\/\/quepocamadre.com\/?attachment_id=66229\" rel=\"attachment wp-att-66229\"><img decoding=\"async\" class=\"alignnone size-full wp-image-66229\" src=\"https:\/\/quepocamadre.com\/wp-content\/uploads\/2026\/04\/Copia-de-DISENO-FOTO-VIDEO-2026-04-28T100456.619.png\" alt=\"\" width=\"940\" height=\"788\" srcset=\"https:\/\/quepocamadre.com\/wp-content\/uploads\/2026\/04\/Copia-de-DISENO-FOTO-VIDEO-2026-04-28T100456.619.png 940w, https:\/\/quepocamadre.com\/wp-content\/uploads\/2026\/04\/Copia-de-DISENO-FOTO-VIDEO-2026-04-28T100456.619-300x251.png 300w, https:\/\/quepocamadre.com\/wp-content\/uploads\/2026\/04\/Copia-de-DISENO-FOTO-VIDEO-2026-04-28T100456.619-768x644.png 768w\" sizes=\"(max-width: 940px) 100vw, 940px\" \/><\/a> <a href=\"https:\/\/quepocamadre.com\/?attachment_id=66230\" rel=\"attachment wp-att-66230\"><img decoding=\"async\" class=\"alignnone size-full wp-image-66230\" src=\"https:\/\/quepocamadre.com\/wp-content\/uploads\/2026\/04\/Copia-de-DISENO-FOTO-VIDEO-2026-04-28T100446.891.png\" alt=\"\" width=\"940\" height=\"788\" srcset=\"https:\/\/quepocamadre.com\/wp-content\/uploads\/2026\/04\/Copia-de-DISENO-FOTO-VIDEO-2026-04-28T100446.891.png 940w, https:\/\/quepocamadre.com\/wp-content\/uploads\/2026\/04\/Copia-de-DISENO-FOTO-VIDEO-2026-04-28T100446.891-300x251.png 300w, https:\/\/quepocamadre.com\/wp-content\/uploads\/2026\/04\/Copia-de-DISENO-FOTO-VIDEO-2026-04-28T100446.891-768x644.png 768w\" sizes=\"(max-width: 940px) 100vw, 940px\" \/><\/a><\/p>\n","protected":false},"excerpt":{"rendered":"<p>Un operador de transporte p\u00fablico fue detenido en Toluca tras ser se\u00f1alado por arrollar y causar la muerte de un ciclista en la colonia San Sebasti\u00e1n. De acuerdo con los reportes, el conductor, identificado como Jos\u00e9 Prudencio \u201cN\u201d, de 64 a\u00f1os, intent\u00f3 darse a la fuga; sin embargo, un operativo apoyado por c\u00e1maras de videovigilancia [&hellip;]<\/p>\n","protected":false},"author":12,"featured_media":66231,"comment_status":"closed","ping_status":"closed","sticky":false,"template":"","format":"standard","meta":{"footnotes":""},"categories":[102,103],"tags":[],"class_list":["post-66227","post","type-post","status-publish","format-standard","has-post-thumbnail","hentry","category-edomex","category-toluca"],"_links":{"self":[{"href":"https:\/\/quepocamadre.com\/index.php?rest_route=\/wp\/v2\/posts\/66227","targetHints":{"allow":["GET"]}}],"collection":[{"href":"https:\/\/quepocamadre.com\/index.php?rest_route=\/wp\/v2\/posts"}],"about":[{"href":"https:\/\/quepocamadre.com\/index.php?rest_route=\/wp\/v2\/types\/post"}],"author":[{"embeddable":true,"href":"https:\/\/quepocamadre.com\/index.php?rest_route=\/wp\/v2\/users\/12"}],"replies":[{"embeddable":true,"href":"https:\/\/quepocamadre.com\/index.php?rest_route=%2Fwp%2Fv2%2Fcomments&post=66227"}],"version-history":[{"count":1,"href":"https:\/\/quepocamadre.com\/index.php?rest_route=\/wp\/v2\/posts\/66227\/revisions"}],"predecessor-version":[{"id":66232,"href":"https:\/\/quepocamadre.com\/index.php?rest_route=\/wp\/v2\/posts\/66227\/revisions\/66232"}],"wp:featuredmedia":[{"embeddable":true,"href":"https:\/\/quepocamadre.com\/index.php?rest_route=\/wp\/v2\/media\/66231"}],"wp:attachment":[{"href":"https:\/\/quepocamadre.com\/index.php?rest_route=%2Fwp%2Fv2%2Fmedia&parent=66227"}],"wp:term":[{"taxonomy":"category","embeddable":true,"href":"https:\/\/quepocamadre.com\/index.php?rest_route=%2Fwp%2Fv2%2Fcategories&post=66227"},{"taxonomy":"post_tag","embeddable":true,"href":"https:\/\/quepocamadre.com\/index.php?rest_route=%2Fwp%2Fv2%2Ftags&post=66227"}],"curies":[{"name":"wp","href":"https:\/\/api.w.org\/{rel}","templated":true}]}}