{"id":66214,"date":"2026-04-28T07:45:29","date_gmt":"2026-04-28T13:45:29","guid":{"rendered":"https:\/\/quepocamadre.com\/?p=66214"},"modified":"2026-04-28T07:45:29","modified_gmt":"2026-04-28T13:45:29","slug":"harfuch-poda-al-jardinero","status":"publish","type":"post","link":"https:\/\/quepocamadre.com\/?p=66214","title":{"rendered":"\u00a1HARFUCH \u201cPODA\u201d AL JARDINERO!"},"content":{"rendered":"<blockquote><p><strong>La detenci\u00f3n de quien fuera el posible sucesor de &#8220;El Mencho&#8221; provoc\u00f3 violentos ataques; la poblaci\u00f3n se encierra en sus casas.<\/strong><\/p><\/blockquote>\n<p>En un operativo de alto impacto ejecutado por fuerzas federales, fue capturado Audias Flores Silva, alias &#8220;El Jardinero&#8221;, uno de los personajes m\u00e1s buscados del crimen organizado y presunto operador clave del C\u00e1rtel Jalisco Nueva Generaci\u00f3n (CJNG).<\/p>\n<p><a href=\"https:\/\/quepocamadre.com\/wp-content\/uploads\/2026\/04\/portada-3-2.jpg\"><img fetchpriority=\"high\" decoding=\"async\" class=\"aligncenter size-full wp-image-66221\" src=\"https:\/\/quepocamadre.com\/wp-content\/uploads\/2026\/04\/portada-3-2.jpg\" alt=\"\" width=\"1200\" height=\"801\" srcset=\"https:\/\/quepocamadre.com\/wp-content\/uploads\/2026\/04\/portada-3-2.jpg 1200w, https:\/\/quepocamadre.com\/wp-content\/uploads\/2026\/04\/portada-3-2-300x200.jpg 300w, https:\/\/quepocamadre.com\/wp-content\/uploads\/2026\/04\/portada-3-2-1024x684.jpg 1024w, https:\/\/quepocamadre.com\/wp-content\/uploads\/2026\/04\/portada-3-2-768x513.jpg 768w\" sizes=\"(max-width: 1200px) 100vw, 1200px\" \/><\/a><\/p>\n<p>El titular de la Secretar\u00eda de Seguridad y Protecci\u00f3n Ciudadana, Omar Garc\u00eda Harfuch, confirm\u00f3 la detenci\u00f3n y destac\u00f3 que por el presunto narcotraficante el gobierno de Estados Unidos ofrec\u00eda una recompensa de hasta 5 millones de d\u00f3lares, lo que refleja el peso criminal del detenido a nivel internacional.<\/p>\n<p>La captura, realizada en territorio nayarita, fue producto de una operaci\u00f3n estrat\u00e9gica encabezada por la Secretar\u00eda de Marina, que despleg\u00f3 a sus Fuerzas Especiales para ubicar y detener a uno de los hombres m\u00e1s cercanos a la c\u00fapula del CJNG.<\/p>\n<p><a href=\"https:\/\/quepocamadre.com\/wp-content\/uploads\/2026\/04\/portada-2-4.jpg\"><img decoding=\"async\" class=\"aligncenter size-full wp-image-66220\" src=\"https:\/\/quepocamadre.com\/wp-content\/uploads\/2026\/04\/portada-2-4.jpg\" alt=\"\" width=\"1200\" height=\"801\" srcset=\"https:\/\/quepocamadre.com\/wp-content\/uploads\/2026\/04\/portada-2-4.jpg 1200w, https:\/\/quepocamadre.com\/wp-content\/uploads\/2026\/04\/portada-2-4-300x200.jpg 300w, https:\/\/quepocamadre.com\/wp-content\/uploads\/2026\/04\/portada-2-4-1024x684.jpg 1024w, https:\/\/quepocamadre.com\/wp-content\/uploads\/2026\/04\/portada-2-4-768x513.jpg 768w\" sizes=\"(max-width: 1200px) 100vw, 1200px\" \/><\/a><\/p>\n<p>&#8220;El Jardinero&#8221;, tambi\u00e9n conocido como \u201cComandante\u201d, \u201cEl Bravo 2\u201d o \u201cMata Jefes\u201d, no solo era se\u00f1alado como un importante generador de violencia, sino como uno de los posibles sucesores de Nemecio Oseguera Cervantes, tras su presunto abatimiento en febrero pasado en Jalisco.<\/p>\n<p>De acuerdo con autoridades estadounidenses, el detenido era considerado un \u201cnarcotraficante extranjero de alto nivel\u201d, acusado desde 2021 de conspirar para traficar drogas como coca\u00edna y hero\u00edna hacia Estados Unidos.<\/p>\n<p><a href=\"https:\/\/quepocamadre.com\/wp-content\/uploads\/2026\/04\/portada4.jpg\"><img decoding=\"async\" class=\"aligncenter size-full wp-image-66219\" src=\"https:\/\/quepocamadre.com\/wp-content\/uploads\/2026\/04\/portada4.jpg\" alt=\"\" width=\"1200\" height=\"801\" srcset=\"https:\/\/quepocamadre.com\/wp-content\/uploads\/2026\/04\/portada4.jpg 1200w, https:\/\/quepocamadre.com\/wp-content\/uploads\/2026\/04\/portada4-300x200.jpg 300w, https:\/\/quepocamadre.com\/wp-content\/uploads\/2026\/04\/portada4-1024x684.jpg 1024w, https:\/\/quepocamadre.com\/wp-content\/uploads\/2026\/04\/portada4-768x513.jpg 768w\" sizes=\"(max-width: 1200px) 100vw, 1200px\" \/><\/a><\/p>\n<p>Especialistas en seguridad advierten que su captura podr\u00eda sacudir la estructura del CJNG, al tratarse de un operador estrat\u00e9gico que incluso habr\u00eda negociado alianzas con facciones rivales del narcotr\u00e1fico, como \u201cLos Chapitos\u201d.<\/p>\n<p>La ca\u00edda de \u201cEl Jardinero\u201d ocurre en un momento clave para el pa\u00eds, en medio de crecientes tensiones por la seguridad y a unos meses de que M\u00e9xico sea sede de uno de los eventos deportivos m\u00e1s importantes del mundo, lo que incrementa la presi\u00f3n sobre las autoridades para contener la violencia.<\/p>\n","protected":false},"excerpt":{"rendered":"<p>La detenci\u00f3n de quien fuera el posible sucesor de &#8220;El Mencho&#8221; provoc\u00f3 violentos ataques; la poblaci\u00f3n se encierra en sus casas. En un operativo de alto impacto ejecutado por fuerzas federales, fue capturado Audias Flores Silva, alias &#8220;El Jardinero&#8221;, uno de los personajes m\u00e1s buscados del crimen organizado y presunto operador clave del C\u00e1rtel Jalisco [&hellip;]<\/p>\n","protected":false},"author":1,"featured_media":66218,"comment_status":"closed","ping_status":"closed","sticky":false,"template":"","format":"standard","meta":{"footnotes":""},"categories":[124,274],"tags":[],"class_list":["post-66214","post","type-post","status-publish","format-standard","has-post-thumbnail","hentry","category-nacional","category-portada"],"_links":{"self":[{"href":"https:\/\/quepocamadre.com\/index.php?rest_route=\/wp\/v2\/posts\/66214","targetHints":{"allow":["GET"]}}],"collection":[{"href":"https:\/\/quepocamadre.com\/index.php?rest_route=\/wp\/v2\/posts"}],"about":[{"href":"https:\/\/quepocamadre.com\/index.php?rest_route=\/wp\/v2\/types\/post"}],"author":[{"embeddable":true,"href":"https:\/\/quepocamadre.com\/index.php?rest_route=\/wp\/v2\/users\/1"}],"replies":[{"embeddable":true,"href":"https:\/\/quepocamadre.com\/index.php?rest_route=%2Fwp%2Fv2%2Fcomments&post=66214"}],"version-history":[{"count":1,"href":"https:\/\/quepocamadre.com\/index.php?rest_route=\/wp\/v2\/posts\/66214\/revisions"}],"predecessor-version":[{"id":66222,"href":"https:\/\/quepocamadre.com\/index.php?rest_route=\/wp\/v2\/posts\/66214\/revisions\/66222"}],"wp:featuredmedia":[{"embeddable":true,"href":"https:\/\/quepocamadre.com\/index.php?rest_route=\/wp\/v2\/media\/66218"}],"wp:attachment":[{"href":"https:\/\/quepocamadre.com\/index.php?rest_route=%2Fwp%2Fv2%2Fmedia&parent=66214"}],"wp:term":[{"taxonomy":"category","embeddable":true,"href":"https:\/\/quepocamadre.com\/index.php?rest_route=%2Fwp%2Fv2%2Fcategories&post=66214"},{"taxonomy":"post_tag","embeddable":true,"href":"https:\/\/quepocamadre.com\/index.php?rest_route=%2Fwp%2Fv2%2Ftags&post=66214"}],"curies":[{"name":"wp","href":"https:\/\/api.w.org\/{rel}","templated":true}]}}