{"id":66208,"date":"2026-04-28T07:42:03","date_gmt":"2026-04-28T13:42:03","guid":{"rendered":"https:\/\/quepocamadre.com\/?p=66208"},"modified":"2026-04-28T07:42:03","modified_gmt":"2026-04-28T13:42:03","slug":"atlante-regresa-a-la-liga-mx-y-sera-transmitido-por-tv-azteca","status":"publish","type":"post","link":"https:\/\/quepocamadre.com\/?p=66208","title":{"rendered":"Atlante regresa a la Liga MX y ser\u00e1 transmitido por TV Azteca"},"content":{"rendered":"<p>El Atlante FC confirm\u00f3 que sus partidos en su regreso a la Liga MX ser\u00e1n transmitidos por TV Azteca, consolidando su retorno al m\u00e1ximo circuito con presencia en televisi\u00f3n abierta.<\/p>\n<p>El anuncio se realiz\u00f3 en las instalaciones del Ajusco y marca una nueva etapa para los Potros de Hierro, quienes jugar\u00e1n como locales en el Estadio Azteca. De acuerdo con su directiva, los encuentros se disputar\u00e1n los viernes a las 21:00 horas, integr\u00e1ndose a la tradicional barra de los llamados \u201cviernes botaneros\u201d.<\/p>\n<p>El regreso del club a la Ciudad de M\u00e9xico y a la primera divisi\u00f3n representa un movimiento relevante dentro del futbol mexicano, al sumar a un equipo hist\u00f3rico a una de las carteleras m\u00e1s visibles del pa\u00eds.<\/p>\n<p>En cuanto al banquillo, la directiva adelant\u00f3 que en los pr\u00f3ximos d\u00edas se dar\u00e1 a conocer al nuevo director t\u00e9cnico, en medio de versiones que apuntan a Miguel Herrera como posible candidato.<\/p>\n","protected":false},"excerpt":{"rendered":"<p>El Atlante FC confirm\u00f3 que sus partidos en su regreso a la Liga MX ser\u00e1n transmitidos por TV Azteca, consolidando su retorno al m\u00e1ximo circuito con presencia en televisi\u00f3n abierta. El anuncio se realiz\u00f3 en las instalaciones del Ajusco y marca una nueva etapa para los Potros de Hierro, quienes jugar\u00e1n como locales en el [&hellip;]<\/p>\n","protected":false},"author":1,"featured_media":66212,"comment_status":"closed","ping_status":"closed","sticky":false,"template":"","format":"standard","meta":{"footnotes":""},"categories":[124],"tags":[],"class_list":["post-66208","post","type-post","status-publish","format-standard","has-post-thumbnail","hentry","category-nacional"],"_links":{"self":[{"href":"https:\/\/quepocamadre.com\/index.php?rest_route=\/wp\/v2\/posts\/66208","targetHints":{"allow":["GET"]}}],"collection":[{"href":"https:\/\/quepocamadre.com\/index.php?rest_route=\/wp\/v2\/posts"}],"about":[{"href":"https:\/\/quepocamadre.com\/index.php?rest_route=\/wp\/v2\/types\/post"}],"author":[{"embeddable":true,"href":"https:\/\/quepocamadre.com\/index.php?rest_route=\/wp\/v2\/users\/1"}],"replies":[{"embeddable":true,"href":"https:\/\/quepocamadre.com\/index.php?rest_route=%2Fwp%2Fv2%2Fcomments&post=66208"}],"version-history":[{"count":1,"href":"https:\/\/quepocamadre.com\/index.php?rest_route=\/wp\/v2\/posts\/66208\/revisions"}],"predecessor-version":[{"id":66213,"href":"https:\/\/quepocamadre.com\/index.php?rest_route=\/wp\/v2\/posts\/66208\/revisions\/66213"}],"wp:featuredmedia":[{"embeddable":true,"href":"https:\/\/quepocamadre.com\/index.php?rest_route=\/wp\/v2\/media\/66212"}],"wp:attachment":[{"href":"https:\/\/quepocamadre.com\/index.php?rest_route=%2Fwp%2Fv2%2Fmedia&parent=66208"}],"wp:term":[{"taxonomy":"category","embeddable":true,"href":"https:\/\/quepocamadre.com\/index.php?rest_route=%2Fwp%2Fv2%2Fcategories&post=66208"},{"taxonomy":"post_tag","embeddable":true,"href":"https:\/\/quepocamadre.com\/index.php?rest_route=%2Fwp%2Fv2%2Ftags&post=66208"}],"curies":[{"name":"wp","href":"https:\/\/api.w.org\/{rel}","templated":true}]}}