{"id":66202,"date":"2026-04-28T07:40:49","date_gmt":"2026-04-28T13:40:49","guid":{"rendered":"https:\/\/quepocamadre.com\/?p=66202"},"modified":"2026-04-28T07:40:49","modified_gmt":"2026-04-28T13:40:49","slug":"mbappe-enciende-las-alarmas-en-el-real-madrid-por-lesion-muscular","status":"publish","type":"post","link":"https:\/\/quepocamadre.com\/?p=66202","title":{"rendered":"\u00a1Mbapp\u00e9 enciende las alarmas! en el Real Madrid por lesi\u00f3n muscular"},"content":{"rendered":"<blockquote><p><strong>Con la cuenta regresiva en su contra para el cl\u00e1sico espa\u00f1ol, el delantero franc\u00e9s muestra una dolencia en el muslo izquierdo.<\/strong><\/p><\/blockquote>\n<p>Kylian Mbapp\u00e9, delantero del Real Madrid, sufre una lesi\u00f3n en el m\u00fasculo semitendinoso de la pierna izquierda, seg\u00fan inform\u00f3 este lunes el club blanco tras nuevas pruebas m\u00e9dicas. El objetivo del cuerpo t\u00e9cnico es que el atacante franc\u00e9s pueda recuperarse a tiempo para el Cl\u00e1sico frente al FC Barcelona del pr\u00f3ximo 10 de mayo en el Spotify Camp Nou.<\/p>\n<p>El internacional franc\u00e9s pidi\u00f3 el cambio en la segunda parte del encuentro del pasado viernes ante el Betis en La Cartuja, siendo sustituido en el minuto 82 por el canterano Gonzalo Garc\u00eda. Las primeras exploraciones descartaron una lesi\u00f3n de mayor gravedad, aunque el jugador queda pendiente de evoluci\u00f3n.<\/p>\n<p>En principio, Mbapp\u00e9 est\u00e1 descartado para el partido del domingo ante el Espanyol, encuentro en el que el Barcelona podr\u00eda proclamarse campe\u00f3n de LaLiga EA Sports. Sin embargo, el delantero har\u00e1 todo lo posible para reaparecer en la siguiente jornada, el gran duelo ante el conjunto azulgrana.<\/p>\n<p>En el mismo parte m\u00e9dico, el Real Madrid confirm\u00f3 tambi\u00e9n la situaci\u00f3n de \u00c9der Militao, quien ser\u00e1 operado esta semana en Finlandia de una lesi\u00f3n en el b\u00edceps femoral de la pierna izquierda, sufrida en el encuentro ante el Alav\u00e9s. El brasile\u00f1o vuelve a quedar fuera de los planes tras su reciente regreso de una larga lesi\u00f3n y se perder\u00e1, adem\u00e1s, opciones importantes con su selecci\u00f3n.<\/p>\n<p>Por su parte, Dani Carvajal podr\u00eda entrar en la convocatoria para el duelo ante el Espanyol, aunque contin\u00faa con molestias en el pie izquierdo y trabaj\u00f3 en el gimnasio. Tampoco se ejercitaron con el grupo Mbapp\u00e9, Militao, Arda G\u00fcler, Thibaut Courtois y Rodrygo Goes, todos en distintos procesos de recuperaci\u00f3n.<\/p>\n","protected":false},"excerpt":{"rendered":"<p>Con la cuenta regresiva en su contra para el cl\u00e1sico espa\u00f1ol, el delantero franc\u00e9s muestra una dolencia en el muslo izquierdo. Kylian Mbapp\u00e9, delantero del Real Madrid, sufre una lesi\u00f3n en el m\u00fasculo semitendinoso de la pierna izquierda, seg\u00fan inform\u00f3 este lunes el club blanco tras nuevas pruebas m\u00e9dicas. El objetivo del cuerpo t\u00e9cnico es [&hellip;]<\/p>\n","protected":false},"author":1,"featured_media":66206,"comment_status":"closed","ping_status":"closed","sticky":false,"template":"","format":"standard","meta":{"footnotes":""},"categories":[200],"tags":[],"class_list":["post-66202","post","type-post","status-publish","format-standard","has-post-thumbnail","hentry","category-internacional"],"_links":{"self":[{"href":"https:\/\/quepocamadre.com\/index.php?rest_route=\/wp\/v2\/posts\/66202","targetHints":{"allow":["GET"]}}],"collection":[{"href":"https:\/\/quepocamadre.com\/index.php?rest_route=\/wp\/v2\/posts"}],"about":[{"href":"https:\/\/quepocamadre.com\/index.php?rest_route=\/wp\/v2\/types\/post"}],"author":[{"embeddable":true,"href":"https:\/\/quepocamadre.com\/index.php?rest_route=\/wp\/v2\/users\/1"}],"replies":[{"embeddable":true,"href":"https:\/\/quepocamadre.com\/index.php?rest_route=%2Fwp%2Fv2%2Fcomments&post=66202"}],"version-history":[{"count":1,"href":"https:\/\/quepocamadre.com\/index.php?rest_route=\/wp\/v2\/posts\/66202\/revisions"}],"predecessor-version":[{"id":66207,"href":"https:\/\/quepocamadre.com\/index.php?rest_route=\/wp\/v2\/posts\/66202\/revisions\/66207"}],"wp:featuredmedia":[{"embeddable":true,"href":"https:\/\/quepocamadre.com\/index.php?rest_route=\/wp\/v2\/media\/66206"}],"wp:attachment":[{"href":"https:\/\/quepocamadre.com\/index.php?rest_route=%2Fwp%2Fv2%2Fmedia&parent=66202"}],"wp:term":[{"taxonomy":"category","embeddable":true,"href":"https:\/\/quepocamadre.com\/index.php?rest_route=%2Fwp%2Fv2%2Fcategories&post=66202"},{"taxonomy":"post_tag","embeddable":true,"href":"https:\/\/quepocamadre.com\/index.php?rest_route=%2Fwp%2Fv2%2Ftags&post=66202"}],"curies":[{"name":"wp","href":"https:\/\/api.w.org\/{rel}","templated":true}]}}