{"id":66198,"date":"2026-04-28T07:40:14","date_gmt":"2026-04-28T13:40:14","guid":{"rendered":"https:\/\/quepocamadre.com\/?p=66198"},"modified":"2026-04-28T07:40:14","modified_gmt":"2026-04-28T13:40:14","slug":"sin-vida-el-cuarto-y-ultimo-trabajador-de-la-mina-santa-fe-en-sinaloa","status":"publish","type":"post","link":"https:\/\/quepocamadre.com\/?p=66198","title":{"rendered":"Sin vida el cuarto y \u00faltimo trabajador de la mina Santa Fe, en Sinaloa"},"content":{"rendered":"<p>El Comando Unificado que encabeza las labores de b\u00fasqueda en la mina Santa Fe, ubicada en el municipio de El Rosario, inform\u00f3 que fue localizado sin vida el cuarto y \u00faltimo trabajador atrapado tras el accidente registrado el pasado 25 de marzo.<\/p>\n<p>De acuerdo con el reporte oficial de la Secretar\u00eda de Seguridad y Protecci\u00f3n Ciudadana, el hallazgo ocurri\u00f3 a las 2:15 horas (tiempo del Pac\u00edfico), tras 33 d\u00edas \u2014equivalentes a 783 horas\u2014 de trabajos ininterrumpidos.<\/p>\n<p>La v\u00edctima fue identificada como Leandro Isidro Beltr\u00e1n Res\u00e9ndiz, de 54 a\u00f1os, originario de Zimap\u00e1n.<\/p>\n<p>En el sitio, equipos especializados de b\u00fasqueda permanecen a la espera del arribo de peritos de la Fiscal\u00eda General del Estado de Sinaloa, quienes llevar\u00e1n a cabo las diligencias correspondientes conforme a los protocolos t\u00e9cnico-jur\u00eddicos para la recuperaci\u00f3n del cuerpo.<\/p>\n<p>Las labores de localizaci\u00f3n fueron resultado de un operativo coordinado en el que participaron 389 elementos de distintas dependencias, entre ellas la Secretar\u00eda de la Defensa Nacional, la Secretar\u00eda de Marina, la Coordinaci\u00f3n Nacional de Protecci\u00f3n Civil, la Comisi\u00f3n Federal de Electricidad, as\u00ed como autoridades del Gobierno del estado de Sinaloa y trabajadores de la propia mina.<\/p>\n<p>Con este hallazgo concluyen las labores de b\u00fasqueda de los cuatro mineros afectados por el incidente. El Gobierno de M\u00e9xico, en conjunto con autoridades locales, reiter\u00f3 su compromiso de brindar acompa\u00f1amiento y apoyo a la familia del trabajador fallecido durante este proceso.<\/p>\n<p>Asimismo, se inform\u00f3 que la atenci\u00f3n a los familiares contin\u00faa bajo la supervisi\u00f3n directa de la titular de la Coordinaci\u00f3n Nacional de Protecci\u00f3n Civil, Laura Vel\u00e1zquez Alz\u00faa.<\/p>\n","protected":false},"excerpt":{"rendered":"<p>El Comando Unificado que encabeza las labores de b\u00fasqueda en la mina Santa Fe, ubicada en el municipio de El Rosario, inform\u00f3 que fue localizado sin vida el cuarto y \u00faltimo trabajador atrapado tras el accidente registrado el pasado 25 de marzo. De acuerdo con el reporte oficial de la Secretar\u00eda de Seguridad y Protecci\u00f3n [&hellip;]<\/p>\n","protected":false},"author":1,"featured_media":66203,"comment_status":"closed","ping_status":"closed","sticky":false,"template":"","format":"standard","meta":{"footnotes":""},"categories":[124,163],"tags":[],"class_list":["post-66198","post","type-post","status-publish","format-standard","has-post-thumbnail","hentry","category-nacional","category-sinaloa"],"_links":{"self":[{"href":"https:\/\/quepocamadre.com\/index.php?rest_route=\/wp\/v2\/posts\/66198","targetHints":{"allow":["GET"]}}],"collection":[{"href":"https:\/\/quepocamadre.com\/index.php?rest_route=\/wp\/v2\/posts"}],"about":[{"href":"https:\/\/quepocamadre.com\/index.php?rest_route=\/wp\/v2\/types\/post"}],"author":[{"embeddable":true,"href":"https:\/\/quepocamadre.com\/index.php?rest_route=\/wp\/v2\/users\/1"}],"replies":[{"embeddable":true,"href":"https:\/\/quepocamadre.com\/index.php?rest_route=%2Fwp%2Fv2%2Fcomments&post=66198"}],"version-history":[{"count":1,"href":"https:\/\/quepocamadre.com\/index.php?rest_route=\/wp\/v2\/posts\/66198\/revisions"}],"predecessor-version":[{"id":66204,"href":"https:\/\/quepocamadre.com\/index.php?rest_route=\/wp\/v2\/posts\/66198\/revisions\/66204"}],"wp:featuredmedia":[{"embeddable":true,"href":"https:\/\/quepocamadre.com\/index.php?rest_route=\/wp\/v2\/media\/66203"}],"wp:attachment":[{"href":"https:\/\/quepocamadre.com\/index.php?rest_route=%2Fwp%2Fv2%2Fmedia&parent=66198"}],"wp:term":[{"taxonomy":"category","embeddable":true,"href":"https:\/\/quepocamadre.com\/index.php?rest_route=%2Fwp%2Fv2%2Fcategories&post=66198"},{"taxonomy":"post_tag","embeddable":true,"href":"https:\/\/quepocamadre.com\/index.php?rest_route=%2Fwp%2Fv2%2Ftags&post=66198"}],"curies":[{"name":"wp","href":"https:\/\/api.w.org\/{rel}","templated":true}]}}