{"id":66191,"date":"2026-04-28T07:38:52","date_gmt":"2026-04-28T13:38:52","guid":{"rendered":"https:\/\/quepocamadre.com\/?p=66191"},"modified":"2026-04-28T07:38:52","modified_gmt":"2026-04-28T13:38:52","slug":"hallan-cuerpo-dentro-de-tambo-en-jiutepec","status":"publish","type":"post","link":"https:\/\/quepocamadre.com\/?p=66191","title":{"rendered":"HALLAN CUERPO DENTRO DE TAMBO EN JIUTEPEC"},"content":{"rendered":"<p>El cuerpo de una persona fue localizado al interior de un tambo de pl\u00e1stico en un terreno bald\u00edo de la comunidad de Tejalpa, en Jiutepec, lo que gener\u00f3 una fuerte movilizaci\u00f3n de autoridades. Fueron vecinos quienes alertaron sobre el recipiente abandonado en condiciones sospechosas.<\/p>\n<p>Al inspeccionar el lugar, polic\u00edas confirmaron que dentro del tambo se encontraba el cuerpo, por lo que acordonaron la zona y dieron aviso a los peritos. La Fiscal\u00eda General del Estado de Morelos realiz\u00f3 el levantamiento e inici\u00f3 la investigaci\u00f3n para esclarecer el caso en el Morelos.<\/p>\n","protected":false},"excerpt":{"rendered":"<p>El cuerpo de una persona fue localizado al interior de un tambo de pl\u00e1stico en un terreno bald\u00edo de la comunidad de Tejalpa, en Jiutepec, lo que gener\u00f3 una fuerte movilizaci\u00f3n de autoridades. Fueron vecinos quienes alertaron sobre el recipiente abandonado en condiciones sospechosas. Al inspeccionar el lugar, polic\u00edas confirmaron que dentro del tambo se [&hellip;]<\/p>\n","protected":false},"author":1,"featured_media":66196,"comment_status":"closed","ping_status":"closed","sticky":false,"template":"","format":"standard","meta":{"footnotes":""},"categories":[171,124],"tags":[],"class_list":["post-66191","post","type-post","status-publish","format-standard","has-post-thumbnail","hentry","category-morelos","category-nacional"],"_links":{"self":[{"href":"https:\/\/quepocamadre.com\/index.php?rest_route=\/wp\/v2\/posts\/66191","targetHints":{"allow":["GET"]}}],"collection":[{"href":"https:\/\/quepocamadre.com\/index.php?rest_route=\/wp\/v2\/posts"}],"about":[{"href":"https:\/\/quepocamadre.com\/index.php?rest_route=\/wp\/v2\/types\/post"}],"author":[{"embeddable":true,"href":"https:\/\/quepocamadre.com\/index.php?rest_route=\/wp\/v2\/users\/1"}],"replies":[{"embeddable":true,"href":"https:\/\/quepocamadre.com\/index.php?rest_route=%2Fwp%2Fv2%2Fcomments&post=66191"}],"version-history":[{"count":1,"href":"https:\/\/quepocamadre.com\/index.php?rest_route=\/wp\/v2\/posts\/66191\/revisions"}],"predecessor-version":[{"id":66197,"href":"https:\/\/quepocamadre.com\/index.php?rest_route=\/wp\/v2\/posts\/66191\/revisions\/66197"}],"wp:featuredmedia":[{"embeddable":true,"href":"https:\/\/quepocamadre.com\/index.php?rest_route=\/wp\/v2\/media\/66196"}],"wp:attachment":[{"href":"https:\/\/quepocamadre.com\/index.php?rest_route=%2Fwp%2Fv2%2Fmedia&parent=66191"}],"wp:term":[{"taxonomy":"category","embeddable":true,"href":"https:\/\/quepocamadre.com\/index.php?rest_route=%2Fwp%2Fv2%2Fcategories&post=66191"},{"taxonomy":"post_tag","embeddable":true,"href":"https:\/\/quepocamadre.com\/index.php?rest_route=%2Fwp%2Fv2%2Ftags&post=66191"}],"curies":[{"name":"wp","href":"https:\/\/api.w.org\/{rel}","templated":true}]}}