{"id":66178,"date":"2026-04-28T07:36:20","date_gmt":"2026-04-28T13:36:20","guid":{"rendered":"https:\/\/quepocamadre.com\/?p=66178"},"modified":"2026-04-28T07:36:20","modified_gmt":"2026-04-28T13:36:20","slug":"doble-ejecucion-en-limites-de-tlaxcala-una-de-las-victimas-era-menor","status":"publish","type":"post","link":"https:\/\/quepocamadre.com\/?p=66178","title":{"rendered":"DOBLE EJECUCI\u00d3N EN L\u00cdMITES DE TLAXCALA: UNA DE LAS V\u00cdCTIMAS ERA MENOR"},"content":{"rendered":"<p>Dos hombres fueron encontrados sin vida en terrenos de labor en la zona conocida como \u201cPiechico\u201d, entre Xaltocan y Mu\u00f1oz de Domingo Arenas, lo que gener\u00f3 movilizaci\u00f3n de autoridades. Ambos presentaban impactos de arma de fuego en la cabeza; uno de ellos era un menor de aproximadamente 17 a\u00f1os.<\/p>\n<p>Param\u00e9dicos confirmaron que las v\u00edctimas ya no contaban con signos vitales al momento de su valoraci\u00f3n. Elementos de seguridad acordonaron el \u00e1rea mientras la Fiscal\u00eda General de Justicia del Estado de Tlaxcala inici\u00f3 las investigaciones correspondientes en el Tlaxcala.<\/p>\n","protected":false},"excerpt":{"rendered":"<p>Dos hombres fueron encontrados sin vida en terrenos de labor en la zona conocida como \u201cPiechico\u201d, entre Xaltocan y Mu\u00f1oz de Domingo Arenas, lo que gener\u00f3 movilizaci\u00f3n de autoridades. Ambos presentaban impactos de arma de fuego en la cabeza; uno de ellos era un menor de aproximadamente 17 a\u00f1os. Param\u00e9dicos confirmaron que las v\u00edctimas ya [&hellip;]<\/p>\n","protected":false},"author":1,"featured_media":66182,"comment_status":"closed","ping_status":"closed","sticky":false,"template":"","format":"standard","meta":{"footnotes":""},"categories":[124,170],"tags":[],"class_list":["post-66178","post","type-post","status-publish","format-standard","has-post-thumbnail","hentry","category-nacional","category-tlaxcala"],"_links":{"self":[{"href":"https:\/\/quepocamadre.com\/index.php?rest_route=\/wp\/v2\/posts\/66178","targetHints":{"allow":["GET"]}}],"collection":[{"href":"https:\/\/quepocamadre.com\/index.php?rest_route=\/wp\/v2\/posts"}],"about":[{"href":"https:\/\/quepocamadre.com\/index.php?rest_route=\/wp\/v2\/types\/post"}],"author":[{"embeddable":true,"href":"https:\/\/quepocamadre.com\/index.php?rest_route=\/wp\/v2\/users\/1"}],"replies":[{"embeddable":true,"href":"https:\/\/quepocamadre.com\/index.php?rest_route=%2Fwp%2Fv2%2Fcomments&post=66178"}],"version-history":[{"count":1,"href":"https:\/\/quepocamadre.com\/index.php?rest_route=\/wp\/v2\/posts\/66178\/revisions"}],"predecessor-version":[{"id":66183,"href":"https:\/\/quepocamadre.com\/index.php?rest_route=\/wp\/v2\/posts\/66178\/revisions\/66183"}],"wp:featuredmedia":[{"embeddable":true,"href":"https:\/\/quepocamadre.com\/index.php?rest_route=\/wp\/v2\/media\/66182"}],"wp:attachment":[{"href":"https:\/\/quepocamadre.com\/index.php?rest_route=%2Fwp%2Fv2%2Fmedia&parent=66178"}],"wp:term":[{"taxonomy":"category","embeddable":true,"href":"https:\/\/quepocamadre.com\/index.php?rest_route=%2Fwp%2Fv2%2Fcategories&post=66178"},{"taxonomy":"post_tag","embeddable":true,"href":"https:\/\/quepocamadre.com\/index.php?rest_route=%2Fwp%2Fv2%2Ftags&post=66178"}],"curies":[{"name":"wp","href":"https:\/\/api.w.org\/{rel}","templated":true}]}}