{"id":66174,"date":"2026-04-28T07:33:39","date_gmt":"2026-04-28T13:33:39","guid":{"rendered":"https:\/\/quepocamadre.com\/?p=66174"},"modified":"2026-04-28T07:33:39","modified_gmt":"2026-04-28T13:33:39","slug":"hallan-cuerpos-en-auto-dentro-de-panteon-de-cajeme","status":"publish","type":"post","link":"https:\/\/quepocamadre.com\/?p=66174","title":{"rendered":"HALLAN CUERPOS EN AUTO DENTRO DE PANTE\u00d3N DE CAJEME"},"content":{"rendered":"<p>El hallazgo de personas sin vida dentro de un veh\u00edculo encendi\u00f3 las alertas en el pante\u00f3n de Nuestra Se\u00f1ora del Carmen, en Cajeme. El autom\u00f3vil, un sed\u00e1n color guinda, fue localizado en los l\u00edmites del camposanto, donde autoridades confirmaron al menos una v\u00edctima sin signos vitales al interior.<\/p>\n<p>De manera preliminar, se indic\u00f3 que podr\u00edan ser hasta tres las personas fallecidas, aunque esto no ha sido confirmado oficialmente. Elementos de seguridad y peritos de la Fiscal\u00eda General de Justicia del Estado de Sonora realizan las diligencias para esclarecer el caso en el Sonora.<\/p>\n","protected":false},"excerpt":{"rendered":"<p>El hallazgo de personas sin vida dentro de un veh\u00edculo encendi\u00f3 las alertas en el pante\u00f3n de Nuestra Se\u00f1ora del Carmen, en Cajeme. El autom\u00f3vil, un sed\u00e1n color guinda, fue localizado en los l\u00edmites del camposanto, donde autoridades confirmaron al menos una v\u00edctima sin signos vitales al interior. De manera preliminar, se indic\u00f3 que podr\u00edan [&hellip;]<\/p>\n","protected":false},"author":1,"featured_media":66179,"comment_status":"closed","ping_status":"closed","sticky":false,"template":"","format":"standard","meta":{"footnotes":""},"categories":[124,138],"tags":[],"class_list":["post-66174","post","type-post","status-publish","format-standard","has-post-thumbnail","hentry","category-nacional","category-sonora"],"_links":{"self":[{"href":"https:\/\/quepocamadre.com\/index.php?rest_route=\/wp\/v2\/posts\/66174","targetHints":{"allow":["GET"]}}],"collection":[{"href":"https:\/\/quepocamadre.com\/index.php?rest_route=\/wp\/v2\/posts"}],"about":[{"href":"https:\/\/quepocamadre.com\/index.php?rest_route=\/wp\/v2\/types\/post"}],"author":[{"embeddable":true,"href":"https:\/\/quepocamadre.com\/index.php?rest_route=\/wp\/v2\/users\/1"}],"replies":[{"embeddable":true,"href":"https:\/\/quepocamadre.com\/index.php?rest_route=%2Fwp%2Fv2%2Fcomments&post=66174"}],"version-history":[{"count":1,"href":"https:\/\/quepocamadre.com\/index.php?rest_route=\/wp\/v2\/posts\/66174\/revisions"}],"predecessor-version":[{"id":66180,"href":"https:\/\/quepocamadre.com\/index.php?rest_route=\/wp\/v2\/posts\/66174\/revisions\/66180"}],"wp:featuredmedia":[{"embeddable":true,"href":"https:\/\/quepocamadre.com\/index.php?rest_route=\/wp\/v2\/media\/66179"}],"wp:attachment":[{"href":"https:\/\/quepocamadre.com\/index.php?rest_route=%2Fwp%2Fv2%2Fmedia&parent=66174"}],"wp:term":[{"taxonomy":"category","embeddable":true,"href":"https:\/\/quepocamadre.com\/index.php?rest_route=%2Fwp%2Fv2%2Fcategories&post=66174"},{"taxonomy":"post_tag","embeddable":true,"href":"https:\/\/quepocamadre.com\/index.php?rest_route=%2Fwp%2Fv2%2Ftags&post=66174"}],"curies":[{"name":"wp","href":"https:\/\/api.w.org\/{rel}","templated":true}]}}