{"id":66151,"date":"2026-04-27T10:15:50","date_gmt":"2026-04-27T16:15:50","guid":{"rendered":"https:\/\/quepocamadre.com\/?p=66151"},"modified":"2026-04-27T10:15:50","modified_gmt":"2026-04-27T16:15:50","slug":"el-terror-en-un-negocio-termino-en-persecucion-y-atropello-intenso-fin-de-semana-en-san-mateo-atenco","status":"publish","type":"post","link":"https:\/\/quepocamadre.com\/?p=66151","title":{"rendered":"EL TERROR EN UN NEGOCIO TERMIN\u00d3 EN PERSECUCI\u00d3N Y ATROPELLO: INTENSO FIN DE SEMA\u00d1A EN SAN MATEO ATENCO"},"content":{"rendered":"<p data-start=\"72\" data-end=\"367\">El miedo se hizo presente en un negocio sobre avenida Ju\u00e1rez, en #SanMateoAtenco, cuando una joven trabajadora vivi\u00f3 momentos de terror al ser agredida por un sujeto que intent\u00f3 abusar de ella. En medio del shock, logr\u00f3 reaccionar y pedir ayuda\u2026 su valent\u00eda evit\u00f3 que la agresi\u00f3n se consumara.<\/p>\n<p data-start=\"369\" data-end=\"856\">Pero el peligro no termin\u00f3 ah\u00ed. En su huida, el agresor escap\u00f3 a toda velocidad y, sobre avenida del Pante\u00f3n y 5 de Mayo, atropell\u00f3 a un ciudadano que circulaba en motocicleta, poniendo en riesgo su vida. Aunque la familia de la joven lleg\u00f3 de inmediato, el sujeto ya hab\u00eda desaparecido. Autoridades municipales, Polic\u00eda de G\u00e9nero y personal especializado ya brindan acompa\u00f1amiento, mientras el C4 revisa c\u00e1maras para dar con el responsable. La exigencia es clara: que no quede impune.<\/p>\n<p data-start=\"369\" data-end=\"856\">\n<div style=\"width: 800px;\" class=\"wp-video\"><!--[if lt IE 9]><script>document.createElement('video');<\/script><![endif]-->\n<video class=\"wp-video-shortcode\" id=\"video-66151-1\" width=\"800\" height=\"450\" preload=\"metadata\" controls=\"controls\"><source type=\"video\/mp4\" src=\"https:\/\/quepocamadre.com\/wp-content\/uploads\/2026\/04\/PORTADAS-QPM-50.mp4?_=1\" \/><a href=\"https:\/\/quepocamadre.com\/wp-content\/uploads\/2026\/04\/PORTADAS-QPM-50.mp4\">https:\/\/quepocamadre.com\/wp-content\/uploads\/2026\/04\/PORTADAS-QPM-50.mp4<\/a><\/video><\/div>\n","protected":false},"excerpt":{"rendered":"<p>El miedo se hizo presente en un negocio sobre avenida Ju\u00e1rez, en #SanMateoAtenco, cuando una joven trabajadora vivi\u00f3 momentos de terror al ser agredida por un sujeto que intent\u00f3 abusar de ella. En medio del shock, logr\u00f3 reaccionar y pedir ayuda\u2026 su valent\u00eda evit\u00f3 que la agresi\u00f3n se consumara. Pero el peligro no termin\u00f3 ah\u00ed. [&hellip;]<\/p>\n","protected":false},"author":12,"featured_media":66154,"comment_status":"closed","ping_status":"closed","sticky":false,"template":"","format":"standard","meta":{"footnotes":""},"categories":[102,109],"tags":[],"class_list":["post-66151","post","type-post","status-publish","format-standard","has-post-thumbnail","hentry","category-edomex","category-san-mateo-atenco"],"_links":{"self":[{"href":"https:\/\/quepocamadre.com\/index.php?rest_route=\/wp\/v2\/posts\/66151","targetHints":{"allow":["GET"]}}],"collection":[{"href":"https:\/\/quepocamadre.com\/index.php?rest_route=\/wp\/v2\/posts"}],"about":[{"href":"https:\/\/quepocamadre.com\/index.php?rest_route=\/wp\/v2\/types\/post"}],"author":[{"embeddable":true,"href":"https:\/\/quepocamadre.com\/index.php?rest_route=\/wp\/v2\/users\/12"}],"replies":[{"embeddable":true,"href":"https:\/\/quepocamadre.com\/index.php?rest_route=%2Fwp%2Fv2%2Fcomments&post=66151"}],"version-history":[{"count":1,"href":"https:\/\/quepocamadre.com\/index.php?rest_route=\/wp\/v2\/posts\/66151\/revisions"}],"predecessor-version":[{"id":66155,"href":"https:\/\/quepocamadre.com\/index.php?rest_route=\/wp\/v2\/posts\/66151\/revisions\/66155"}],"wp:featuredmedia":[{"embeddable":true,"href":"https:\/\/quepocamadre.com\/index.php?rest_route=\/wp\/v2\/media\/66154"}],"wp:attachment":[{"href":"https:\/\/quepocamadre.com\/index.php?rest_route=%2Fwp%2Fv2%2Fmedia&parent=66151"}],"wp:term":[{"taxonomy":"category","embeddable":true,"href":"https:\/\/quepocamadre.com\/index.php?rest_route=%2Fwp%2Fv2%2Fcategories&post=66151"},{"taxonomy":"post_tag","embeddable":true,"href":"https:\/\/quepocamadre.com\/index.php?rest_route=%2Fwp%2Fv2%2Ftags&post=66151"}],"curies":[{"name":"wp","href":"https:\/\/api.w.org\/{rel}","templated":true}]}}