{"id":66140,"date":"2026-04-27T07:33:31","date_gmt":"2026-04-27T13:33:31","guid":{"rendered":"https:\/\/quepocamadre.com\/?p=66140"},"modified":"2026-04-27T07:33:31","modified_gmt":"2026-04-27T13:33:31","slug":"se-disparan-las-alertas-se-incrementaron-los-feminicidios-en-mexico-han-sido-asesinadas-148-mujeres-en-tres-meses","status":"publish","type":"post","link":"https:\/\/quepocamadre.com\/?p=66140","title":{"rendered":"\u00a1SE DISPARAN LAS ALERTAS! SE INCREMENTARON LOS FEMINICIDIOS EN M\u00c9XICO; HAN SIDO ASESINADAS 148 MUJERES EN TRES MESES"},"content":{"rendered":"<blockquote><p><strong>Ni\u00f1as, j\u00f3venes y adultas: la violencia no perdona y el pa\u00eds enfrenta un nuevo repunte alarmante.<\/strong><\/p><\/blockquote>\n<p>El inicio de 2026 ha encendido todas las alarmas en materia de seguridad: 148 mujeres fueron asesinadas por razones de g\u00e9nero en tan solo tres meses, evidenciando la persistencia de la violencia feminicida en M\u00e9xico.<\/p>\n<p>Las cifras del Secretariado Ejecutivo del Sistema Nacional de Seguridad P\u00fablica muestran que el problema no solo contin\u00faa, sino que presenta patrones preocupantes de concentraci\u00f3n en ciertas regiones.<\/p>\n<p>Estados como Sinaloa, Chihuahua y Morelos encabezan la lista de casos, seguidos por entidades como Jalisco, Tamaulipas y Guanajuato, configurando un corredor de alto riesgo para las mujeres.<\/p>\n<p><a href=\"https:\/\/quepocamadre.com\/wp-content\/uploads\/2026\/04\/portada-3-1.jpg\"><img fetchpriority=\"high\" decoding=\"async\" class=\"aligncenter size-full wp-image-66145\" src=\"https:\/\/quepocamadre.com\/wp-content\/uploads\/2026\/04\/portada-3-1.jpg\" alt=\"\" width=\"1200\" height=\"801\" srcset=\"https:\/\/quepocamadre.com\/wp-content\/uploads\/2026\/04\/portada-3-1.jpg 1200w, https:\/\/quepocamadre.com\/wp-content\/uploads\/2026\/04\/portada-3-1-300x200.jpg 300w, https:\/\/quepocamadre.com\/wp-content\/uploads\/2026\/04\/portada-3-1-1024x684.jpg 1024w, https:\/\/quepocamadre.com\/wp-content\/uploads\/2026\/04\/portada-3-1-768x513.jpg 768w\" sizes=\"(max-width: 1200px) 100vw, 1200px\" \/><\/a><\/p>\n<p>El an\u00e1lisis por edad revela un dato estremecedor: entre las v\u00edctimas hay ni\u00f1as menores de 12 a\u00f1os y adolescentes, lo que ha incrementado la presi\u00f3n social para reforzar las acciones de prevenci\u00f3n.<\/p>\n<p>Ante este escenario, el gobierno encabezado por Claudia Sheinbaum impulsa una reforma que busca homologar el delito de feminicidio en todo el pa\u00eds, con penas que podr\u00edan alcanzar hasta 70 a\u00f1os de prisi\u00f3n.<\/p>\n<p>Sin embargo, especialistas advierten que las leyes no ser\u00e1n suficientes si no se fortalecen las estrategias de prevenci\u00f3n, atenci\u00f3n a v\u00edctimas y combate a la impunidad.<\/p>\n<p>La violencia sigue cobrando vidas\u2026 y el pa\u00eds parece no encontrar la forma de detenerla.<\/p>\n<p><a href=\"https:\/\/quepocamadre.com\/wp-content\/uploads\/2026\/04\/portada-2-3.jpg\"><img decoding=\"async\" class=\"aligncenter size-full wp-image-66144\" src=\"https:\/\/quepocamadre.com\/wp-content\/uploads\/2026\/04\/portada-2-3.jpg\" alt=\"\" width=\"1200\" height=\"801\" srcset=\"https:\/\/quepocamadre.com\/wp-content\/uploads\/2026\/04\/portada-2-3.jpg 1200w, https:\/\/quepocamadre.com\/wp-content\/uploads\/2026\/04\/portada-2-3-300x200.jpg 300w, https:\/\/quepocamadre.com\/wp-content\/uploads\/2026\/04\/portada-2-3-1024x684.jpg 1024w, https:\/\/quepocamadre.com\/wp-content\/uploads\/2026\/04\/portada-2-3-768x513.jpg 768w\" sizes=\"(max-width: 1200px) 100vw, 1200px\" \/><\/a><\/p>\n","protected":false},"excerpt":{"rendered":"<p>Ni\u00f1as, j\u00f3venes y adultas: la violencia no perdona y el pa\u00eds enfrenta un nuevo repunte alarmante. El inicio de 2026 ha encendido todas las alarmas en materia de seguridad: 148 mujeres fueron asesinadas por razones de g\u00e9nero en tan solo tres meses, evidenciando la persistencia de la violencia feminicida en M\u00e9xico. Las cifras del Secretariado [&hellip;]<\/p>\n","protected":false},"author":1,"featured_media":66143,"comment_status":"closed","ping_status":"closed","sticky":false,"template":"","format":"standard","meta":{"footnotes":""},"categories":[124,274],"tags":[],"class_list":["post-66140","post","type-post","status-publish","format-standard","has-post-thumbnail","hentry","category-nacional","category-portada"],"_links":{"self":[{"href":"https:\/\/quepocamadre.com\/index.php?rest_route=\/wp\/v2\/posts\/66140","targetHints":{"allow":["GET"]}}],"collection":[{"href":"https:\/\/quepocamadre.com\/index.php?rest_route=\/wp\/v2\/posts"}],"about":[{"href":"https:\/\/quepocamadre.com\/index.php?rest_route=\/wp\/v2\/types\/post"}],"author":[{"embeddable":true,"href":"https:\/\/quepocamadre.com\/index.php?rest_route=\/wp\/v2\/users\/1"}],"replies":[{"embeddable":true,"href":"https:\/\/quepocamadre.com\/index.php?rest_route=%2Fwp%2Fv2%2Fcomments&post=66140"}],"version-history":[{"count":1,"href":"https:\/\/quepocamadre.com\/index.php?rest_route=\/wp\/v2\/posts\/66140\/revisions"}],"predecessor-version":[{"id":66146,"href":"https:\/\/quepocamadre.com\/index.php?rest_route=\/wp\/v2\/posts\/66140\/revisions\/66146"}],"wp:featuredmedia":[{"embeddable":true,"href":"https:\/\/quepocamadre.com\/index.php?rest_route=\/wp\/v2\/media\/66143"}],"wp:attachment":[{"href":"https:\/\/quepocamadre.com\/index.php?rest_route=%2Fwp%2Fv2%2Fmedia&parent=66140"}],"wp:term":[{"taxonomy":"category","embeddable":true,"href":"https:\/\/quepocamadre.com\/index.php?rest_route=%2Fwp%2Fv2%2Fcategories&post=66140"},{"taxonomy":"post_tag","embeddable":true,"href":"https:\/\/quepocamadre.com\/index.php?rest_route=%2Fwp%2Fv2%2Ftags&post=66140"}],"curies":[{"name":"wp","href":"https:\/\/api.w.org\/{rel}","templated":true}]}}