{"id":66136,"date":"2026-04-27T07:29:55","date_gmt":"2026-04-27T13:29:55","guid":{"rendered":"https:\/\/quepocamadre.com\/?p=66136"},"modified":"2026-04-27T07:29:55","modified_gmt":"2026-04-27T13:29:55","slug":"delfina-gomez-toma-protesta-a-nuevas-integrantes-del-colectivo-501","status":"publish","type":"post","link":"https:\/\/quepocamadre.com\/?p=66136","title":{"rendered":"Delfina G\u00f3mez toma protesta a nuevas integrantes del Colectivo 50+1"},"content":{"rendered":"<blockquote><p><strong>Invita a las mexiquenses destacadas en diversos \u00e1mbitos de la vida p\u00fablica a abrir caminos para las futuras generaciones.<\/strong><\/p><\/blockquote>\n<p>La gobernadora Delfina G\u00f3mez \u00c1lvarez acudi\u00f3 como invitada de honor a la toma de protesta de las nuevas integrantes del Comit\u00e9 Directivo del Colectivo 50+1, cap\u00edtulo Estado de M\u00e9xico, conformado por mujeres destacadas en diversos \u00e1mbitos de la vida p\u00fablica: pol\u00edticas, empresarias, magistradas, juzgadoras, acad\u00e9micas, activistas y profesionistas, quienes con su experiencia y trayectoria abren camino para las siguientes generaciones en favor de la paridad de g\u00e9nero.<\/p>\n<p>&#8220;Gracias por tener presente que, para la transformaci\u00f3n social, los cambios deben ser colectivos y desde el territorio, generando alianzas y sumando voluntades, sin soslayar que puede haber diferencias, pero que estas son una fortaleza cuando se dirigen a un objetivo com\u00fan: el bienestar de las mujeres&#8221;, expres\u00f3 la gobernadora Delfina G\u00f3mez \u00c1lvarez.<\/p>\n<p>En el Congreso local, tras tomar protesta a las integrantes, felicit\u00f3 a la diputada federal por el Distrito 34 Toluca, M\u00f3nica \u00c1lvarez Nemer, nueva presidenta del Colectivo en la entidad, cargo que -asegur\u00f3- representa una oportunidad para continuar la construcci\u00f3n de una sociedad m\u00e1s justa e igualitaria, y fortalecer la transformaci\u00f3n que impulsan de forma coordinada los tres poderes de gobierno en favor de las mexiquenses.<\/p>\n<p>&#8220;Aqu\u00ed en el Estado estamos trabajando en programas, obras y acciones en educaci\u00f3n, movilidad, infraestructura urbana, seguridad, salud, bienestar y vivienda, entre otros. Adem\u00e1s de transformar el marco jur\u00eddico para garantizar los derechos de las mujeres mexiquenses&#8221;, inform\u00f3 la mandataria estatal.<\/p>\n<p>Destac\u00f3 las modificaciones a la Ley de Acceso de las Mujeres a una Vida Libre de Violencia y al C\u00f3digo Civil, que reconocen la violencia vicaria para proteger a las mujeres y a sus hijos, as\u00ed como la violencia digital, esta \u00faltima con base en la &#8220;Ley Olimpia&#8221;.<\/p>\n<p>Record\u00f3 la reforma a la Constituci\u00f3n estatal para impulsar el Juzgado LIBRE, en coordinaci\u00f3n con la Comisi\u00f3n de Derechos Humanos del Estado de M\u00e9xico (CODHEM), a fin de emitir medidas de protecci\u00f3n urgentes, as\u00ed como la firma del Compromiso por la Igualdad con los 125 municipios.<\/p>\n<p>\u00c1lvarez Nemer afirm\u00f3 que su trabajo se realizar\u00e1 con honorabilidad y dignidad por una vida igualitaria en el pa\u00eds y para salvaguardar los derechos sociales de todas y todos, acorde con la Agenda 2030, con la convicci\u00f3n de caminar juntas en tiempo de mujeres, con la primera presidenta de M\u00e9xico, la doctora Claudia Sheinbaum Pardo, y la primera gobernadora mexiquense, Delfina G\u00f3mez \u00c1lvarez.<\/p>\n<p>Asistieron al evento Mar\u00eda Elena Orantes L\u00f3pez, presidenta de 50+1 Internacional; Martha Azucena Camacho Reynoso, presidenta de la Mesa Directiva de la Sexag\u00e9sima Segunda Legislatura estatal; Ana Lilia Herrera Anzaldo, presidenta saliente de 50+1 cap\u00edtulo Estado de M\u00e9xico; Gabriela Georgina Jim\u00e9nez Godoy, representante del Poder Legislativo federal y fundadora de 50+1; Diva Gast\u00e9lum Bajo, vicepresidenta de 50+1 M\u00e9xico; y Claudia Trujillo Rinc\u00f3n, secretaria t\u00e9cnica de 50+1 Internacional; as\u00ed como integrantes del gabinete estatal, del Congreso federal y estatal, e invitadas especiales.<\/p>\n","protected":false},"excerpt":{"rendered":"<p>Invita a las mexiquenses destacadas en diversos \u00e1mbitos de la vida p\u00fablica a abrir caminos para las futuras generaciones. La gobernadora Delfina G\u00f3mez \u00c1lvarez acudi\u00f3 como invitada de honor a la toma de protesta de las nuevas integrantes del Comit\u00e9 Directivo del Colectivo 50+1, cap\u00edtulo Estado de M\u00e9xico, conformado por mujeres destacadas en diversos \u00e1mbitos [&hellip;]<\/p>\n","protected":false},"author":1,"featured_media":66141,"comment_status":"closed","ping_status":"closed","sticky":false,"template":"","format":"standard","meta":{"footnotes":""},"categories":[102],"tags":[],"class_list":["post-66136","post","type-post","status-publish","format-standard","has-post-thumbnail","hentry","category-edomex"],"_links":{"self":[{"href":"https:\/\/quepocamadre.com\/index.php?rest_route=\/wp\/v2\/posts\/66136","targetHints":{"allow":["GET"]}}],"collection":[{"href":"https:\/\/quepocamadre.com\/index.php?rest_route=\/wp\/v2\/posts"}],"about":[{"href":"https:\/\/quepocamadre.com\/index.php?rest_route=\/wp\/v2\/types\/post"}],"author":[{"embeddable":true,"href":"https:\/\/quepocamadre.com\/index.php?rest_route=\/wp\/v2\/users\/1"}],"replies":[{"embeddable":true,"href":"https:\/\/quepocamadre.com\/index.php?rest_route=%2Fwp%2Fv2%2Fcomments&post=66136"}],"version-history":[{"count":1,"href":"https:\/\/quepocamadre.com\/index.php?rest_route=\/wp\/v2\/posts\/66136\/revisions"}],"predecessor-version":[{"id":66142,"href":"https:\/\/quepocamadre.com\/index.php?rest_route=\/wp\/v2\/posts\/66136\/revisions\/66142"}],"wp:featuredmedia":[{"embeddable":true,"href":"https:\/\/quepocamadre.com\/index.php?rest_route=\/wp\/v2\/media\/66141"}],"wp:attachment":[{"href":"https:\/\/quepocamadre.com\/index.php?rest_route=%2Fwp%2Fv2%2Fmedia&parent=66136"}],"wp:term":[{"taxonomy":"category","embeddable":true,"href":"https:\/\/quepocamadre.com\/index.php?rest_route=%2Fwp%2Fv2%2Fcategories&post=66136"},{"taxonomy":"post_tag","embeddable":true,"href":"https:\/\/quepocamadre.com\/index.php?rest_route=%2Fwp%2Fv2%2Ftags&post=66136"}],"curies":[{"name":"wp","href":"https:\/\/api.w.org\/{rel}","templated":true}]}}