{"id":66121,"date":"2026-04-27T07:27:26","date_gmt":"2026-04-27T13:27:26","guid":{"rendered":"https:\/\/quepocamadre.com\/?p=66121"},"modified":"2026-04-27T07:27:26","modified_gmt":"2026-04-27T13:27:26","slug":"andaba-escondido-en-un-anexo-atrapan-a-enfermero-senalado-por-feminicidio-en-grado-de-tentativa","status":"publish","type":"post","link":"https:\/\/quepocamadre.com\/?p=66121","title":{"rendered":"\u00a1Andaba escondido en un anexo! Atrapan a enfermero se\u00f1alado por feminicidio en grado de tentativa"},"content":{"rendered":"<p>Tras semanas pr\u00f3fugo y tratando de evadir a la justicia, Pedro Jared \u201cN\u201d fue finalmente capturado por elementos de la Fiscal\u00eda General de Justicia del Estado de M\u00e9xico, en coordinaci\u00f3n con la Secretar\u00eda de Marina, acusado de intentar asesinar a su pareja sentimental en el municipio de Ecatepec.<\/p>\n<p>El pasado 10 de marzo, El ahora detenido y tambi\u00e9n enfermero, atac\u00f3 brutalmente a la v\u00edctima, identificada con las iniciales W.G.H.T., al interior de un domicilio ubicado en la colonia La Guadalupana.<\/p>\n<p>La agresi\u00f3n ocurri\u00f3 justo cuando la mujer intentaba salir del inmueble. Fue en ese momento que el sujeto la atac\u00f3 con un objeto punzocortante, provoc\u00e1ndole m\u00faltiples heridas de gravedad. No conforme con ello, lanz\u00f3 amenazas contra la v\u00edctima y otras personas que arribaron al lugar, antes de darse a la fuga.<\/p>\n<p>Gravemente lesionada, la mujer fue trasladada de urgencia a un hospital, donde incluso perdi\u00f3 el conocimiento debido a la severidad de las heridas.<\/p>\n<p>Aunque inicialmente el caso fue investigado como lesiones, tras la declaraci\u00f3n de la v\u00edctima y el avance de las indagatorias, el Ministerio P\u00fablico reclasific\u00f3 el delito como feminicidio en grado de tentativa y obtuvo una orden de aprehensi\u00f3n en contra del agresor.<\/p>\n<p>Las pesquisas revelaron que, tras el ataque, Pedro Jared \u201cN\u201d intent\u00f3 ocultarse: primero fue internado en un centro psiqui\u00e1trico en la Ciudad de M\u00e9xico por algunos d\u00edas y posteriormente se refugi\u00f3 en un centro de rehabilitaci\u00f3n, conocido como \u201cAnexo\u201d, en la colonia San Jos\u00e9 el Tunal, en Atlacomulco.<\/p>\n<p>Fue ah\u00ed donde finalmente agentes de la Fiscal\u00eda mexiquense lograron ubicarlo y detenerlo.<\/p>\n","protected":false},"excerpt":{"rendered":"<p>Tras semanas pr\u00f3fugo y tratando de evadir a la justicia, Pedro Jared \u201cN\u201d fue finalmente capturado por elementos de la Fiscal\u00eda General de Justicia del Estado de M\u00e9xico, en coordinaci\u00f3n con la Secretar\u00eda de Marina, acusado de intentar asesinar a su pareja sentimental en el municipio de Ecatepec. El pasado 10 de marzo, El ahora [&hellip;]<\/p>\n","protected":false},"author":1,"featured_media":66126,"comment_status":"closed","ping_status":"closed","sticky":false,"template":"","format":"standard","meta":{"footnotes":""},"categories":[235,102],"tags":[],"class_list":["post-66121","post","type-post","status-publish","format-standard","has-post-thumbnail","hentry","category-ecatepec","category-edomex"],"_links":{"self":[{"href":"https:\/\/quepocamadre.com\/index.php?rest_route=\/wp\/v2\/posts\/66121","targetHints":{"allow":["GET"]}}],"collection":[{"href":"https:\/\/quepocamadre.com\/index.php?rest_route=\/wp\/v2\/posts"}],"about":[{"href":"https:\/\/quepocamadre.com\/index.php?rest_route=\/wp\/v2\/types\/post"}],"author":[{"embeddable":true,"href":"https:\/\/quepocamadre.com\/index.php?rest_route=\/wp\/v2\/users\/1"}],"replies":[{"embeddable":true,"href":"https:\/\/quepocamadre.com\/index.php?rest_route=%2Fwp%2Fv2%2Fcomments&post=66121"}],"version-history":[{"count":1,"href":"https:\/\/quepocamadre.com\/index.php?rest_route=\/wp\/v2\/posts\/66121\/revisions"}],"predecessor-version":[{"id":66127,"href":"https:\/\/quepocamadre.com\/index.php?rest_route=\/wp\/v2\/posts\/66121\/revisions\/66127"}],"wp:featuredmedia":[{"embeddable":true,"href":"https:\/\/quepocamadre.com\/index.php?rest_route=\/wp\/v2\/media\/66126"}],"wp:attachment":[{"href":"https:\/\/quepocamadre.com\/index.php?rest_route=%2Fwp%2Fv2%2Fmedia&parent=66121"}],"wp:term":[{"taxonomy":"category","embeddable":true,"href":"https:\/\/quepocamadre.com\/index.php?rest_route=%2Fwp%2Fv2%2Fcategories&post=66121"},{"taxonomy":"post_tag","embeddable":true,"href":"https:\/\/quepocamadre.com\/index.php?rest_route=%2Fwp%2Fv2%2Ftags&post=66121"}],"curies":[{"name":"wp","href":"https:\/\/api.w.org\/{rel}","templated":true}]}}