{"id":63653,"date":"2026-03-18T08:59:50","date_gmt":"2026-03-18T14:59:50","guid":{"rendered":"https:\/\/quepocamadre.com\/?p=63653"},"modified":"2026-03-18T08:59:50","modified_gmt":"2026-03-18T14:59:50","slug":"dona-carlota-seguira-proceso-en-casa-tras-doble-homicidio-en-chalco","status":"publish","type":"post","link":"https:\/\/quepocamadre.com\/?p=63653","title":{"rendered":"\u201cDO\u00d1A CARLOTA\u201d SEGUIR\u00c1 PROCESO EN CASA TRAS DOBLE HOMICIDIO EN CHALCO"},"content":{"rendered":"<p>Un juez determin\u00f3 que Carlota \u201cN\u201d, conocida como \u201cDo\u00f1a Carlota\u201d, continuar\u00e1 su proceso penal bajo prisi\u00f3n domiciliaria por el caso del doble homicidio ocurrido en Chalco. La medida fue modificada tras una nueva audiencia en la que su defensa argument\u00f3 el deterioro de su estado de salud durante su permanencia en el penal.<\/p>\n<p>De acuerdo con la resoluci\u00f3n judicial, la adulta mayor dejar\u00e1 el reclusorio entre viernes y s\u00e1bado para cumplir la prisi\u00f3n preventiva desde su domicilio, mientras contin\u00faan las investigaciones. La decisi\u00f3n ha generado reacciones encontradas en el Estado de M\u00e9xico, donde el caso sigue bajo seguimiento por las autoridades.<\/p>\n","protected":false},"excerpt":{"rendered":"<p>Un juez determin\u00f3 que Carlota \u201cN\u201d, conocida como \u201cDo\u00f1a Carlota\u201d, continuar\u00e1 su proceso penal bajo prisi\u00f3n domiciliaria por el caso del doble homicidio ocurrido en Chalco. La medida fue modificada tras una nueva audiencia en la que su defensa argument\u00f3 el deterioro de su estado de salud durante su permanencia en el penal. De acuerdo [&hellip;]<\/p>\n","protected":false},"author":1,"featured_media":63657,"comment_status":"open","ping_status":"open","sticky":false,"template":"","format":"standard","meta":{"footnotes":""},"categories":[253,102],"tags":[],"class_list":["post-63653","post","type-post","status-publish","format-standard","has-post-thumbnail","hentry","category-chalco","category-edomex"],"_links":{"self":[{"href":"https:\/\/quepocamadre.com\/index.php?rest_route=\/wp\/v2\/posts\/63653","targetHints":{"allow":["GET"]}}],"collection":[{"href":"https:\/\/quepocamadre.com\/index.php?rest_route=\/wp\/v2\/posts"}],"about":[{"href":"https:\/\/quepocamadre.com\/index.php?rest_route=\/wp\/v2\/types\/post"}],"author":[{"embeddable":true,"href":"https:\/\/quepocamadre.com\/index.php?rest_route=\/wp\/v2\/users\/1"}],"replies":[{"embeddable":true,"href":"https:\/\/quepocamadre.com\/index.php?rest_route=%2Fwp%2Fv2%2Fcomments&post=63653"}],"version-history":[{"count":1,"href":"https:\/\/quepocamadre.com\/index.php?rest_route=\/wp\/v2\/posts\/63653\/revisions"}],"predecessor-version":[{"id":63658,"href":"https:\/\/quepocamadre.com\/index.php?rest_route=\/wp\/v2\/posts\/63653\/revisions\/63658"}],"wp:featuredmedia":[{"embeddable":true,"href":"https:\/\/quepocamadre.com\/index.php?rest_route=\/wp\/v2\/media\/63657"}],"wp:attachment":[{"href":"https:\/\/quepocamadre.com\/index.php?rest_route=%2Fwp%2Fv2%2Fmedia&parent=63653"}],"wp:term":[{"taxonomy":"category","embeddable":true,"href":"https:\/\/quepocamadre.com\/index.php?rest_route=%2Fwp%2Fv2%2Fcategories&post=63653"},{"taxonomy":"post_tag","embeddable":true,"href":"https:\/\/quepocamadre.com\/index.php?rest_route=%2Fwp%2Fv2%2Ftags&post=63653"}],"curies":[{"name":"wp","href":"https:\/\/api.w.org\/{rel}","templated":true}]}}