{"id":63647,"date":"2026-03-18T08:58:58","date_gmt":"2026-03-18T14:58:58","guid":{"rendered":"https:\/\/quepocamadre.com\/?p=63647"},"modified":"2026-03-18T08:58:58","modified_gmt":"2026-03-18T14:58:58","slug":"y-el-casco-apa-biker-caido-en-accidente","status":"publish","type":"post","link":"https:\/\/quepocamadre.com\/?p=63647","title":{"rendered":"\u00bfY EL CASCO, AP\u00c1? BIKER CA\u00cdDO EN ACCIDENTE"},"content":{"rendered":"<p>Un motociclista result\u00f3 lesionado tras ser atropellado sobre la avenida Circuito Constituci\u00f3n, en la ciudad de San Francisco de Campeche. El accidente gener\u00f3 la movilizaci\u00f3n de cuerpos de emergencia y la atenci\u00f3n de automovilistas que presenciaron el impacto.<\/p>\n<p>Param\u00e9dicos acudieron al sitio para brindar atenci\u00f3n m\u00e9dica al conductor de la motocicleta, quien fue trasladado a un hospital para su valoraci\u00f3n. Autoridades realizaron el acordonamiento del \u00e1rea y las diligencias correspondientes para esclarecer c\u00f3mo ocurri\u00f3 el percance.<\/p>\n","protected":false},"excerpt":{"rendered":"<p>Un motociclista result\u00f3 lesionado tras ser atropellado sobre la avenida Circuito Constituci\u00f3n, en la ciudad de San Francisco de Campeche. El accidente gener\u00f3 la movilizaci\u00f3n de cuerpos de emergencia y la atenci\u00f3n de automovilistas que presenciaron el impacto. Param\u00e9dicos acudieron al sitio para brindar atenci\u00f3n m\u00e9dica al conductor de la motocicleta, quien fue trasladado a [&hellip;]<\/p>\n","protected":false},"author":1,"featured_media":63651,"comment_status":"open","ping_status":"open","sticky":false,"template":"","format":"standard","meta":{"footnotes":""},"categories":[135,124],"tags":[],"class_list":["post-63647","post","type-post","status-publish","format-standard","has-post-thumbnail","hentry","category-campeche","category-nacional"],"_links":{"self":[{"href":"https:\/\/quepocamadre.com\/index.php?rest_route=\/wp\/v2\/posts\/63647","targetHints":{"allow":["GET"]}}],"collection":[{"href":"https:\/\/quepocamadre.com\/index.php?rest_route=\/wp\/v2\/posts"}],"about":[{"href":"https:\/\/quepocamadre.com\/index.php?rest_route=\/wp\/v2\/types\/post"}],"author":[{"embeddable":true,"href":"https:\/\/quepocamadre.com\/index.php?rest_route=\/wp\/v2\/users\/1"}],"replies":[{"embeddable":true,"href":"https:\/\/quepocamadre.com\/index.php?rest_route=%2Fwp%2Fv2%2Fcomments&post=63647"}],"version-history":[{"count":1,"href":"https:\/\/quepocamadre.com\/index.php?rest_route=\/wp\/v2\/posts\/63647\/revisions"}],"predecessor-version":[{"id":63652,"href":"https:\/\/quepocamadre.com\/index.php?rest_route=\/wp\/v2\/posts\/63647\/revisions\/63652"}],"wp:featuredmedia":[{"embeddable":true,"href":"https:\/\/quepocamadre.com\/index.php?rest_route=\/wp\/v2\/media\/63651"}],"wp:attachment":[{"href":"https:\/\/quepocamadre.com\/index.php?rest_route=%2Fwp%2Fv2%2Fmedia&parent=63647"}],"wp:term":[{"taxonomy":"category","embeddable":true,"href":"https:\/\/quepocamadre.com\/index.php?rest_route=%2Fwp%2Fv2%2Fcategories&post=63647"},{"taxonomy":"post_tag","embeddable":true,"href":"https:\/\/quepocamadre.com\/index.php?rest_route=%2Fwp%2Fv2%2Ftags&post=63647"}],"curies":[{"name":"wp","href":"https:\/\/api.w.org\/{rel}","templated":true}]}}