{"id":63644,"date":"2026-03-18T08:58:31","date_gmt":"2026-03-18T14:58:31","guid":{"rendered":"https:\/\/quepocamadre.com\/?p=63644"},"modified":"2026-03-18T08:58:31","modified_gmt":"2026-03-18T14:58:31","slug":"choque-mortal-sacude-carretera-merida-cancun","status":"publish","type":"post","link":"https:\/\/quepocamadre.com\/?p=63644","title":{"rendered":"CHOQUE MORTAL SACUDE CARRETERA M\u00c9RIDA\u2013CANC\u00daN"},"content":{"rendered":"<p>Un fatal accidente rompi\u00f3 la calma en el municipio de Tahmek, en Yucat\u00e1n, luego de que el conductor de una camioneta muriera de manera instant\u00e1nea tras un violento impacto sobre la carretera M\u00e9rida\u2013Canc\u00fan. El veh\u00edculo qued\u00f3 completamente destrozado, generando una fuerte movilizaci\u00f3n de cuerpos de emergencia en la zona.<\/p>\n<p>De acuerdo con versiones preliminares, un cami\u00f3n de transporte de personal habr\u00eda invadido el carril contrario, provocando la colisi\u00f3n. Sin embargo, ser\u00e1n las autoridades quienes determinen las causas oficiales del accidente. La zona fue acordonada mientras se realizaban las diligencias correspondientes.<\/p>\n","protected":false},"excerpt":{"rendered":"<p>Un fatal accidente rompi\u00f3 la calma en el municipio de Tahmek, en Yucat\u00e1n, luego de que el conductor de una camioneta muriera de manera instant\u00e1nea tras un violento impacto sobre la carretera M\u00e9rida\u2013Canc\u00fan. El veh\u00edculo qued\u00f3 completamente destrozado, generando una fuerte movilizaci\u00f3n de cuerpos de emergencia en la zona. De acuerdo con versiones preliminares, un [&hellip;]<\/p>\n","protected":false},"author":1,"featured_media":63648,"comment_status":"open","ping_status":"open","sticky":false,"template":"","format":"standard","meta":{"footnotes":""},"categories":[124,175],"tags":[],"class_list":["post-63644","post","type-post","status-publish","format-standard","has-post-thumbnail","hentry","category-nacional","category-yucatan"],"_links":{"self":[{"href":"https:\/\/quepocamadre.com\/index.php?rest_route=\/wp\/v2\/posts\/63644","targetHints":{"allow":["GET"]}}],"collection":[{"href":"https:\/\/quepocamadre.com\/index.php?rest_route=\/wp\/v2\/posts"}],"about":[{"href":"https:\/\/quepocamadre.com\/index.php?rest_route=\/wp\/v2\/types\/post"}],"author":[{"embeddable":true,"href":"https:\/\/quepocamadre.com\/index.php?rest_route=\/wp\/v2\/users\/1"}],"replies":[{"embeddable":true,"href":"https:\/\/quepocamadre.com\/index.php?rest_route=%2Fwp%2Fv2%2Fcomments&post=63644"}],"version-history":[{"count":1,"href":"https:\/\/quepocamadre.com\/index.php?rest_route=\/wp\/v2\/posts\/63644\/revisions"}],"predecessor-version":[{"id":63649,"href":"https:\/\/quepocamadre.com\/index.php?rest_route=\/wp\/v2\/posts\/63644\/revisions\/63649"}],"wp:featuredmedia":[{"embeddable":true,"href":"https:\/\/quepocamadre.com\/index.php?rest_route=\/wp\/v2\/media\/63648"}],"wp:attachment":[{"href":"https:\/\/quepocamadre.com\/index.php?rest_route=%2Fwp%2Fv2%2Fmedia&parent=63644"}],"wp:term":[{"taxonomy":"category","embeddable":true,"href":"https:\/\/quepocamadre.com\/index.php?rest_route=%2Fwp%2Fv2%2Fcategories&post=63644"},{"taxonomy":"post_tag","embeddable":true,"href":"https:\/\/quepocamadre.com\/index.php?rest_route=%2Fwp%2Fv2%2Ftags&post=63644"}],"curies":[{"name":"wp","href":"https:\/\/api.w.org\/{rel}","templated":true}]}}