{"id":63635,"date":"2026-03-18T08:56:40","date_gmt":"2026-03-18T14:56:40","guid":{"rendered":"https:\/\/quepocamadre.com\/?p=63635"},"modified":"2026-03-18T08:56:40","modified_gmt":"2026-03-18T14:56:40","slug":"quedo-en-un-charco-de-sangre-3","status":"publish","type":"post","link":"https:\/\/quepocamadre.com\/?p=63635","title":{"rendered":"\u00a1QUED\u00d3 EN UN CHARCO DE SANGRE!"},"content":{"rendered":"<p>Un hombre muri\u00f3 tras ser atropellado brutalmente sobre una avenida de Oaxaca de Ju\u00e1rez, donde una camioneta lo embisti\u00f3 y posteriormente se dio a la fuga. El impacto dej\u00f3 a la v\u00edctima sin vida en el lugar, generando la movilizaci\u00f3n de vecinos y automovilistas que alertaron a las autoridades.<\/p>\n<p>Elementos de la Fiscal\u00eda General del Estado de Oaxaca acudieron para acordonar la zona y realizar las diligencias correspondientes. Hasta el momento no se ha informado sobre la identidad del fallecido ni sobre el paradero del conductor responsable.<\/p>\n","protected":false},"excerpt":{"rendered":"<p>Un hombre muri\u00f3 tras ser atropellado brutalmente sobre una avenida de Oaxaca de Ju\u00e1rez, donde una camioneta lo embisti\u00f3 y posteriormente se dio a la fuga. El impacto dej\u00f3 a la v\u00edctima sin vida en el lugar, generando la movilizaci\u00f3n de vecinos y automovilistas que alertaron a las autoridades. Elementos de la Fiscal\u00eda General del [&hellip;]<\/p>\n","protected":false},"author":1,"featured_media":63639,"comment_status":"open","ping_status":"open","sticky":false,"template":"","format":"standard","meta":{"footnotes":""},"categories":[124,165],"tags":[],"class_list":["post-63635","post","type-post","status-publish","format-standard","has-post-thumbnail","hentry","category-nacional","category-oaxaca"],"_links":{"self":[{"href":"https:\/\/quepocamadre.com\/index.php?rest_route=\/wp\/v2\/posts\/63635","targetHints":{"allow":["GET"]}}],"collection":[{"href":"https:\/\/quepocamadre.com\/index.php?rest_route=\/wp\/v2\/posts"}],"about":[{"href":"https:\/\/quepocamadre.com\/index.php?rest_route=\/wp\/v2\/types\/post"}],"author":[{"embeddable":true,"href":"https:\/\/quepocamadre.com\/index.php?rest_route=\/wp\/v2\/users\/1"}],"replies":[{"embeddable":true,"href":"https:\/\/quepocamadre.com\/index.php?rest_route=%2Fwp%2Fv2%2Fcomments&post=63635"}],"version-history":[{"count":1,"href":"https:\/\/quepocamadre.com\/index.php?rest_route=\/wp\/v2\/posts\/63635\/revisions"}],"predecessor-version":[{"id":63640,"href":"https:\/\/quepocamadre.com\/index.php?rest_route=\/wp\/v2\/posts\/63635\/revisions\/63640"}],"wp:featuredmedia":[{"embeddable":true,"href":"https:\/\/quepocamadre.com\/index.php?rest_route=\/wp\/v2\/media\/63639"}],"wp:attachment":[{"href":"https:\/\/quepocamadre.com\/index.php?rest_route=%2Fwp%2Fv2%2Fmedia&parent=63635"}],"wp:term":[{"taxonomy":"category","embeddable":true,"href":"https:\/\/quepocamadre.com\/index.php?rest_route=%2Fwp%2Fv2%2Fcategories&post=63635"},{"taxonomy":"post_tag","embeddable":true,"href":"https:\/\/quepocamadre.com\/index.php?rest_route=%2Fwp%2Fv2%2Ftags&post=63635"}],"curies":[{"name":"wp","href":"https:\/\/api.w.org\/{rel}","templated":true}]}}