{"id":63493,"date":"2026-03-15T17:15:32","date_gmt":"2026-03-15T23:15:32","guid":{"rendered":"https:\/\/quepocamadre.com\/?p=63493"},"modified":"2026-03-15T17:15:32","modified_gmt":"2026-03-15T23:15:32","slug":"desde-morros-andan-de-mano-larga","status":"publish","type":"post","link":"https:\/\/quepocamadre.com\/?p=63493","title":{"rendered":"DESDE MORROS ANDAN DE MANO LARGA"},"content":{"rendered":"<p>#DenunciaCiudadana<\/p>\n<p>Por favor, ay\u00fadenme a compartir este video, pues es un ni\u00f1o que se r*<span class=\"error misspelling\" title=\"Se ha encontrado un posible error ortogr\u00e1fico.\" data-type=\"misspelling\" data-suggestions=\"[{&quot;value&quot;:&quot;lo&quot;},{&quot;value&quot;:&quot;no&quot;},{&quot;value&quot;:&quot;o&quot;},{&quot;value&quot;:&quot;va&quot;},{&quot;value&quot;:&quot;ve&quot;}]\" data-rule=\"MORFOLOGIK_RULE_ES\" data-word=\"b\u00f3\">b\u00f3<\/span> una gorra, y al parecer, no ha sido la primera vez. Espero esto<span class=\"error grammar\" title=\"Si es pasado, se escribe con tilde. Si es imperativo, puede que falte una coma.\" data-type=\"grammar\" data-suggestions=\"[{&quot;value&quot;:&quot; llegu\u00e9&quot;},{&quot;value&quot;:&quot;, llegue&quot;}]\" data-rule=\"SUBJUNTIVO_PASADO\" data-word=\" llegue\"> llegue<\/span> a los pap\u00e1s, y a las autoridades para que vean de qu\u00e9 manera \u201cEducan\u201d a sus chavos. Por eso tenemos la sociedad que tenemos. Esto pas\u00f3 en el centro de #IxtapanDeLaSal, #Edomex.<\/p>\n<div style=\"width: 800px;\" class=\"wp-video\"><!--[if lt IE 9]><script>document.createElement('video');<\/script><![endif]-->\n<video class=\"wp-video-shortcode\" id=\"video-63493-1\" width=\"800\" height=\"800\" preload=\"metadata\" controls=\"controls\"><source type=\"video\/mp4\" src=\"https:\/\/quepocamadre.com\/wp-content\/uploads\/2026\/03\/Copia-de-QPM-10801080-VIDEO-60.mp4?_=1\" \/><a href=\"https:\/\/quepocamadre.com\/wp-content\/uploads\/2026\/03\/Copia-de-QPM-10801080-VIDEO-60.mp4\">https:\/\/quepocamadre.com\/wp-content\/uploads\/2026\/03\/Copia-de-QPM-10801080-VIDEO-60.mp4<\/a><\/video><\/div>\n","protected":false},"excerpt":{"rendered":"<p>#DenunciaCiudadana Por favor, ay\u00fadenme a compartir este video, pues es un ni\u00f1o que se r*b\u00f3 una gorra, y al parecer, no ha sido la primera vez. Espero esto llegue a los pap\u00e1s, y a las autoridades para que vean de qu\u00e9 manera \u201cEducan\u201d a sus chavos. Por eso tenemos la sociedad que tenemos. Esto pas\u00f3 [&hellip;]<\/p>\n","protected":false},"author":12,"featured_media":63495,"comment_status":"open","ping_status":"open","sticky":false,"template":"","format":"standard","meta":{"footnotes":""},"categories":[102,110],"tags":[],"class_list":["post-63493","post","type-post","status-publish","format-standard","has-post-thumbnail","hentry","category-edomex","category-ixtapan-de-la-sal"],"_links":{"self":[{"href":"https:\/\/quepocamadre.com\/index.php?rest_route=\/wp\/v2\/posts\/63493","targetHints":{"allow":["GET"]}}],"collection":[{"href":"https:\/\/quepocamadre.com\/index.php?rest_route=\/wp\/v2\/posts"}],"about":[{"href":"https:\/\/quepocamadre.com\/index.php?rest_route=\/wp\/v2\/types\/post"}],"author":[{"embeddable":true,"href":"https:\/\/quepocamadre.com\/index.php?rest_route=\/wp\/v2\/users\/12"}],"replies":[{"embeddable":true,"href":"https:\/\/quepocamadre.com\/index.php?rest_route=%2Fwp%2Fv2%2Fcomments&post=63493"}],"version-history":[{"count":1,"href":"https:\/\/quepocamadre.com\/index.php?rest_route=\/wp\/v2\/posts\/63493\/revisions"}],"predecessor-version":[{"id":63496,"href":"https:\/\/quepocamadre.com\/index.php?rest_route=\/wp\/v2\/posts\/63493\/revisions\/63496"}],"wp:featuredmedia":[{"embeddable":true,"href":"https:\/\/quepocamadre.com\/index.php?rest_route=\/wp\/v2\/media\/63495"}],"wp:attachment":[{"href":"https:\/\/quepocamadre.com\/index.php?rest_route=%2Fwp%2Fv2%2Fmedia&parent=63493"}],"wp:term":[{"taxonomy":"category","embeddable":true,"href":"https:\/\/quepocamadre.com\/index.php?rest_route=%2Fwp%2Fv2%2Fcategories&post=63493"},{"taxonomy":"post_tag","embeddable":true,"href":"https:\/\/quepocamadre.com\/index.php?rest_route=%2Fwp%2Fv2%2Ftags&post=63493"}],"curies":[{"name":"wp","href":"https:\/\/api.w.org\/{rel}","templated":true}]}}