{"id":63221,"date":"2026-03-12T11:19:19","date_gmt":"2026-03-12T17:19:19","guid":{"rendered":"https:\/\/quepocamadre.com\/?p=63221"},"modified":"2026-03-12T11:19:19","modified_gmt":"2026-03-12T17:19:19","slug":"%f0%9f%9a%a8%f0%9f%9a%97-volcadura-en-la-autopista-atlacomulco-toluca-%f0%9f%9a%a8%e2%9a%a0%ef%b8%8f","status":"publish","type":"post","link":"https:\/\/quepocamadre.com\/?p=63221","title":{"rendered":"\ud83d\udea8\ud83d\ude97 VOLCADURA EN LA AUTOPISTA ATLACOMULCO\u2013TOLUCA \ud83d\udea8\u26a0\ufe0f"},"content":{"rendered":"<p>\ud83d\ude91 Servicios de emergencia reportan la <strong data-start=\"96\" data-end=\"136\">volcadura de un autom\u00f3vil particular<\/strong> a la altura de <strong data-start=\"152\" data-end=\"197\">#SanFranciscoDeGuzm\u00e1n #Ixtlahuaca #Edomex<\/strong>, sobre la autopista <strong data-start=\"218\" data-end=\"242\">#Atlacomulco\u2013#Toluca<\/strong>; al sitio arribaron param\u00e9dicos de Protecci\u00f3n Civil <strong data-start=\"295\" data-end=\"310\">#Jocotitl\u00e1n<\/strong> para atender a posibles lesionados, por lo que se recomienda conducir con precauci\u00f3n ante la circulaci\u00f3n afectada.<\/p>\n","protected":false},"excerpt":{"rendered":"<p>\ud83d\ude91 Servicios de emergencia reportan la volcadura de un autom\u00f3vil particular a la altura de #SanFranciscoDeGuzm\u00e1n #Ixtlahuaca #Edomex, sobre la autopista #Atlacomulco\u2013#Toluca; al sitio arribaron param\u00e9dicos de Protecci\u00f3n Civil #Jocotitl\u00e1n para atender a posibles lesionados, por lo que se recomienda conducir con precauci\u00f3n ante la circulaci\u00f3n afectada.<\/p>\n","protected":false},"author":12,"featured_media":63222,"comment_status":"open","ping_status":"open","sticky":false,"template":"","format":"standard","meta":{"footnotes":""},"categories":[236,102],"tags":[],"class_list":["post-63221","post","type-post","status-publish","format-standard","has-post-thumbnail","hentry","category-atlacomulco","category-edomex"],"_links":{"self":[{"href":"https:\/\/quepocamadre.com\/index.php?rest_route=\/wp\/v2\/posts\/63221","targetHints":{"allow":["GET"]}}],"collection":[{"href":"https:\/\/quepocamadre.com\/index.php?rest_route=\/wp\/v2\/posts"}],"about":[{"href":"https:\/\/quepocamadre.com\/index.php?rest_route=\/wp\/v2\/types\/post"}],"author":[{"embeddable":true,"href":"https:\/\/quepocamadre.com\/index.php?rest_route=\/wp\/v2\/users\/12"}],"replies":[{"embeddable":true,"href":"https:\/\/quepocamadre.com\/index.php?rest_route=%2Fwp%2Fv2%2Fcomments&post=63221"}],"version-history":[{"count":1,"href":"https:\/\/quepocamadre.com\/index.php?rest_route=\/wp\/v2\/posts\/63221\/revisions"}],"predecessor-version":[{"id":63223,"href":"https:\/\/quepocamadre.com\/index.php?rest_route=\/wp\/v2\/posts\/63221\/revisions\/63223"}],"wp:featuredmedia":[{"embeddable":true,"href":"https:\/\/quepocamadre.com\/index.php?rest_route=\/wp\/v2\/media\/63222"}],"wp:attachment":[{"href":"https:\/\/quepocamadre.com\/index.php?rest_route=%2Fwp%2Fv2%2Fmedia&parent=63221"}],"wp:term":[{"taxonomy":"category","embeddable":true,"href":"https:\/\/quepocamadre.com\/index.php?rest_route=%2Fwp%2Fv2%2Fcategories&post=63221"},{"taxonomy":"post_tag","embeddable":true,"href":"https:\/\/quepocamadre.com\/index.php?rest_route=%2Fwp%2Fv2%2Ftags&post=63221"}],"curies":[{"name":"wp","href":"https:\/\/api.w.org\/{rel}","templated":true}]}}