{"id":62924,"date":"2026-03-10T10:16:54","date_gmt":"2026-03-10T16:16:54","guid":{"rendered":"https:\/\/quepocamadre.com\/?p=62924"},"modified":"2026-03-10T10:16:54","modified_gmt":"2026-03-10T16:16:54","slug":"accidente-en-zona-hotelera-deja-una-herida","status":"publish","type":"post","link":"https:\/\/quepocamadre.com\/?p=62924","title":{"rendered":"ACCIDENTE EN ZONA HOTELERA DEJA UNA HERIDA"},"content":{"rendered":"<div class=\"\" data-block=\"true\" data-editor=\"7nare\" data-offset-key=\"4r86f-0-0\">\n<div class=\"_1mf _1mj\" data-offset-key=\"4r86f-0-0\"><span data-offset-key=\"4r86f-0-0\">\ud83d\udfe1Esta ma\u00f1ana, una mujer de unos 40 a\u00f1os de edad result\u00f3 lesionada tras verse involucrada en un <\/span><span class=\"_5zk7\" spellcheck=\"false\" data-offset-key=\"4r86f-1-0\"><span data-offset-key=\"4r86f-1-0\">#accidente<\/span><\/span><span data-offset-key=\"4r86f-2-0\"> de tr\u00e1nsito, donde se report\u00f3 la colisi\u00f3n con un autom\u00f3vil, en el bulevar Kukulc\u00e1n, a la altura del kil\u00f3metro 9, frente a Plaza La Fiesta, en la Zona Hotelera de <\/span><span class=\"_5zk7\" spellcheck=\"false\" data-offset-key=\"4r86f-3-0\"><span data-offset-key=\"4r86f-3-0\">#Canc\u00fan<\/span><\/span><span data-offset-key=\"4r86f-4-0\">, <\/span><span class=\"_5zk7\" spellcheck=\"false\" data-offset-key=\"4r86f-5-0\"><span data-offset-key=\"4r86f-5-0\">#QuintanaRoo<\/span><\/span><span data-offset-key=\"4r86f-6-0\">, elementos de la <\/span><span class=\"_5zk7\" spellcheck=\"false\" data-offset-key=\"4r86f-7-0\"><span data-offset-key=\"4r86f-7-0\">#Polic\u00eda<\/span><\/span><span data-offset-key=\"4r86f-8-0\"> Tur\u00edstica acudieron al lugar para atender la situaci\u00f3n y coordinar las labores de seguridad vial en la zona.<\/span><\/div>\n<\/div>\n<div data-offset-key=\"4r86f-0-0\">\n<div style=\"width: 464px;\" class=\"wp-video\"><!--[if lt IE 9]><script>document.createElement('video');<\/script><![endif]-->\n<video class=\"wp-video-shortcode\" id=\"video-62924-1\" width=\"464\" height=\"832\" preload=\"metadata\" controls=\"controls\"><source type=\"video\/mp4\" src=\"https:\/\/quepocamadre.com\/wp-content\/uploads\/2026\/03\/ssstwitter.com_1773157353584-1.mp4?_=1\" \/><a href=\"https:\/\/quepocamadre.com\/wp-content\/uploads\/2026\/03\/ssstwitter.com_1773157353584-1.mp4\">https:\/\/quepocamadre.com\/wp-content\/uploads\/2026\/03\/ssstwitter.com_1773157353584-1.mp4<\/a><\/video><\/div>\n<\/div>\n","protected":false},"excerpt":{"rendered":"<p>\ud83d\udfe1Esta ma\u00f1ana, una mujer de unos 40 a\u00f1os de edad result\u00f3 lesionada tras verse involucrada en un #accidente de tr\u00e1nsito, donde se report\u00f3 la colisi\u00f3n con un autom\u00f3vil, en el bulevar Kukulc\u00e1n, a la altura del kil\u00f3metro 9, frente a Plaza La Fiesta, en la Zona Hotelera de #Canc\u00fan, #QuintanaRoo, elementos de la #Polic\u00eda Tur\u00edstica [&hellip;]<\/p>\n","protected":false},"author":12,"featured_media":62930,"comment_status":"open","ping_status":"open","sticky":false,"template":"","format":"standard","meta":{"footnotes":""},"categories":[199],"tags":[],"class_list":["post-62924","post","type-post","status-publish","format-standard","has-post-thumbnail","hentry","category-qintana-roo"],"_links":{"self":[{"href":"https:\/\/quepocamadre.com\/index.php?rest_route=\/wp\/v2\/posts\/62924","targetHints":{"allow":["GET"]}}],"collection":[{"href":"https:\/\/quepocamadre.com\/index.php?rest_route=\/wp\/v2\/posts"}],"about":[{"href":"https:\/\/quepocamadre.com\/index.php?rest_route=\/wp\/v2\/types\/post"}],"author":[{"embeddable":true,"href":"https:\/\/quepocamadre.com\/index.php?rest_route=\/wp\/v2\/users\/12"}],"replies":[{"embeddable":true,"href":"https:\/\/quepocamadre.com\/index.php?rest_route=%2Fwp%2Fv2%2Fcomments&post=62924"}],"version-history":[{"count":1,"href":"https:\/\/quepocamadre.com\/index.php?rest_route=\/wp\/v2\/posts\/62924\/revisions"}],"predecessor-version":[{"id":62932,"href":"https:\/\/quepocamadre.com\/index.php?rest_route=\/wp\/v2\/posts\/62924\/revisions\/62932"}],"wp:featuredmedia":[{"embeddable":true,"href":"https:\/\/quepocamadre.com\/index.php?rest_route=\/wp\/v2\/media\/62930"}],"wp:attachment":[{"href":"https:\/\/quepocamadre.com\/index.php?rest_route=%2Fwp%2Fv2%2Fmedia&parent=62924"}],"wp:term":[{"taxonomy":"category","embeddable":true,"href":"https:\/\/quepocamadre.com\/index.php?rest_route=%2Fwp%2Fv2%2Fcategories&post=62924"},{"taxonomy":"post_tag","embeddable":true,"href":"https:\/\/quepocamadre.com\/index.php?rest_route=%2Fwp%2Fv2%2Ftags&post=62924"}],"curies":[{"name":"wp","href":"https:\/\/api.w.org\/{rel}","templated":true}]}}