{"id":62906,"date":"2026-03-10T09:09:36","date_gmt":"2026-03-10T15:09:36","guid":{"rendered":"https:\/\/quepocamadre.com\/?p=62906"},"modified":"2026-03-10T09:09:36","modified_gmt":"2026-03-10T15:09:36","slug":"derrumbe-en-san-antonio-abad-cdmx-deja-al-menos-un-muerto","status":"publish","type":"post","link":"https:\/\/quepocamadre.com\/?p=62906","title":{"rendered":"Derrumbe en San Antonio Abad, CDMX, deja al menos un muerto"},"content":{"rendered":"<p>Tras el derrumbe de un edificio en la calzada San Antonio Abad, autoridades de la Ciudad de M\u00e9xico confirmaron que lamentablemente ya fue encontrado el cuerpo sin vida de uno de los tres trabajadores que permanec\u00edan atrapados bajo los escombros.<\/p>\n<p>Fue Myriam Urz\u00faa, titular de la Secretar\u00eda de Gesti\u00f3n Integral de Riesgos y Protecci\u00f3n Civil, quien inform\u00f3 la triste noticia luego de varias horas de labores para remover los escombros.<\/p>\n<p>Myriam Urz\u00faa agreg\u00f3 que la v\u00edctima encontrada es un joven, aunque todav\u00eda no se ha revelado su identidad ni su edad.<\/p>\n<p>Urz\u00faa tambi\u00e9n enfatiz\u00f3 que a\u00fan faltan por localizar dos trabajadores que quedaron atrapados tras el derrumbe del edificio en San Antonio Abad.<\/p>\n<p>Incluso reconoci\u00f3 que existe temor de que tambi\u00e9n hayan perdido la vida, aunque las labores de b\u00fasqueda contin\u00faan.<\/p>\n<p>Las autoridades reiteraron que no se utilizar\u00e1 maquinaria pesada en el inmueble colapsado hasta localizar al resto de los trabajadores atrapados, con el objetivo de evitar mayores riesgos durante las tareas de rescate.<\/p>\n<p>Adem\u00e1s, se inform\u00f3 que las labores continuar\u00e1n de manera ininterrumpida, incluso durante la noche.<\/p>\n<p>Respecto al trabajador que fue rescatado previamente y trasladado al Hospital Rub\u00e9n Le\u00f1ero, se inform\u00f3 que el hombre, de 43 a\u00f1os y de nombre \u00c1ngel Miranda, se encuentra consciente y ya pudo comunicarse con sus familiares.<\/p>\n<p>De acuerdo con los primeros reportes m\u00e9dicos, existe la posibilidad de que \u00c1ngel Miranda sea dado de alta durante el d\u00eda, dependiendo de la evoluci\u00f3n de su estado de salud.<\/p>\n","protected":false},"excerpt":{"rendered":"<p>Tras el derrumbe de un edificio en la calzada San Antonio Abad, autoridades de la Ciudad de M\u00e9xico confirmaron que lamentablemente ya fue encontrado el cuerpo sin vida de uno de los tres trabajadores que permanec\u00edan atrapados bajo los escombros. Fue Myriam Urz\u00faa, titular de la Secretar\u00eda de Gesti\u00f3n Integral de Riesgos y Protecci\u00f3n Civil, [&hellip;]<\/p>\n","protected":false},"author":1,"featured_media":62910,"comment_status":"open","ping_status":"open","sticky":false,"template":"","format":"standard","meta":{"footnotes":""},"categories":[123],"tags":[],"class_list":["post-62906","post","type-post","status-publish","format-standard","has-post-thumbnail","hentry","category-cdmx"],"_links":{"self":[{"href":"https:\/\/quepocamadre.com\/index.php?rest_route=\/wp\/v2\/posts\/62906","targetHints":{"allow":["GET"]}}],"collection":[{"href":"https:\/\/quepocamadre.com\/index.php?rest_route=\/wp\/v2\/posts"}],"about":[{"href":"https:\/\/quepocamadre.com\/index.php?rest_route=\/wp\/v2\/types\/post"}],"author":[{"embeddable":true,"href":"https:\/\/quepocamadre.com\/index.php?rest_route=\/wp\/v2\/users\/1"}],"replies":[{"embeddable":true,"href":"https:\/\/quepocamadre.com\/index.php?rest_route=%2Fwp%2Fv2%2Fcomments&post=62906"}],"version-history":[{"count":1,"href":"https:\/\/quepocamadre.com\/index.php?rest_route=\/wp\/v2\/posts\/62906\/revisions"}],"predecessor-version":[{"id":62911,"href":"https:\/\/quepocamadre.com\/index.php?rest_route=\/wp\/v2\/posts\/62906\/revisions\/62911"}],"wp:featuredmedia":[{"embeddable":true,"href":"https:\/\/quepocamadre.com\/index.php?rest_route=\/wp\/v2\/media\/62910"}],"wp:attachment":[{"href":"https:\/\/quepocamadre.com\/index.php?rest_route=%2Fwp%2Fv2%2Fmedia&parent=62906"}],"wp:term":[{"taxonomy":"category","embeddable":true,"href":"https:\/\/quepocamadre.com\/index.php?rest_route=%2Fwp%2Fv2%2Fcategories&post=62906"},{"taxonomy":"post_tag","embeddable":true,"href":"https:\/\/quepocamadre.com\/index.php?rest_route=%2Fwp%2Fv2%2Ftags&post=62906"}],"curies":[{"name":"wp","href":"https:\/\/api.w.org\/{rel}","templated":true}]}}