{"id":62886,"date":"2026-03-10T09:05:01","date_gmt":"2026-03-10T15:05:01","guid":{"rendered":"https:\/\/quepocamadre.com\/?p=62886"},"modified":"2026-03-10T09:05:01","modified_gmt":"2026-03-10T15:05:01","slug":"biker-arrollado-en-atlacomulco-edomex","status":"publish","type":"post","link":"https:\/\/quepocamadre.com\/?p=62886","title":{"rendered":"BIKER ARROLLADO EN ATLACOMULCO, EDOM\u00c9X"},"content":{"rendered":"<p>Un motociclista result\u00f3 gravemente herido tras derrapar sobre la carretera San Felipe del Progreso\u2013Atlacomulco, a la altura de la zona industrial de Atlacomulco. El accidente provoc\u00f3 la movilizaci\u00f3n de cuerpos de emergencia que acudieron al sitio para brindar atenci\u00f3n al conductor.<\/p>\n<p>Param\u00e9dicos de la Comisi\u00f3n Nacional de Emergencia estabilizaron al motociclista y lo trasladaron de urgencia a un hospital en Toluca. Hasta el momento se desconoce su estado actual de salud mientras contin\u00faan las investigaciones para determinar c\u00f3mo ocurri\u00f3 el percance.<\/p>\n","protected":false},"excerpt":{"rendered":"<p>Un motociclista result\u00f3 gravemente herido tras derrapar sobre la carretera San Felipe del Progreso\u2013Atlacomulco, a la altura de la zona industrial de Atlacomulco. El accidente provoc\u00f3 la movilizaci\u00f3n de cuerpos de emergencia que acudieron al sitio para brindar atenci\u00f3n al conductor. Param\u00e9dicos de la Comisi\u00f3n Nacional de Emergencia estabilizaron al motociclista y lo trasladaron de [&hellip;]<\/p>\n","protected":false},"author":1,"featured_media":62890,"comment_status":"open","ping_status":"open","sticky":false,"template":"","format":"standard","meta":{"footnotes":""},"categories":[236,102],"tags":[],"class_list":["post-62886","post","type-post","status-publish","format-standard","has-post-thumbnail","hentry","category-atlacomulco","category-edomex"],"_links":{"self":[{"href":"https:\/\/quepocamadre.com\/index.php?rest_route=\/wp\/v2\/posts\/62886","targetHints":{"allow":["GET"]}}],"collection":[{"href":"https:\/\/quepocamadre.com\/index.php?rest_route=\/wp\/v2\/posts"}],"about":[{"href":"https:\/\/quepocamadre.com\/index.php?rest_route=\/wp\/v2\/types\/post"}],"author":[{"embeddable":true,"href":"https:\/\/quepocamadre.com\/index.php?rest_route=\/wp\/v2\/users\/1"}],"replies":[{"embeddable":true,"href":"https:\/\/quepocamadre.com\/index.php?rest_route=%2Fwp%2Fv2%2Fcomments&post=62886"}],"version-history":[{"count":1,"href":"https:\/\/quepocamadre.com\/index.php?rest_route=\/wp\/v2\/posts\/62886\/revisions"}],"predecessor-version":[{"id":62891,"href":"https:\/\/quepocamadre.com\/index.php?rest_route=\/wp\/v2\/posts\/62886\/revisions\/62891"}],"wp:featuredmedia":[{"embeddable":true,"href":"https:\/\/quepocamadre.com\/index.php?rest_route=\/wp\/v2\/media\/62890"}],"wp:attachment":[{"href":"https:\/\/quepocamadre.com\/index.php?rest_route=%2Fwp%2Fv2%2Fmedia&parent=62886"}],"wp:term":[{"taxonomy":"category","embeddable":true,"href":"https:\/\/quepocamadre.com\/index.php?rest_route=%2Fwp%2Fv2%2Fcategories&post=62886"},{"taxonomy":"post_tag","embeddable":true,"href":"https:\/\/quepocamadre.com\/index.php?rest_route=%2Fwp%2Fv2%2Ftags&post=62886"}],"curies":[{"name":"wp","href":"https:\/\/api.w.org\/{rel}","templated":true}]}}