{"id":62873,"date":"2026-03-10T09:02:31","date_gmt":"2026-03-10T15:02:31","guid":{"rendered":"https:\/\/quepocamadre.com\/?p=62873"},"modified":"2026-03-10T09:02:31","modified_gmt":"2026-03-10T15:02:31","slug":"se-lo-cargo-el-payaso","status":"publish","type":"post","link":"https:\/\/quepocamadre.com\/?p=62873","title":{"rendered":"SE LO CARG\u00d3 EL PAYASO"},"content":{"rendered":"<p>Un motociclista sufri\u00f3 un fuerte accidente en el municipio de Comala, en direcci\u00f3n hacia Villa de \u00c1lvarez, donde reportes preliminares indican que la persona habr\u00eda perdido la vida tras el percance.<\/p>\n<p>Cuerpos de emergencia acudieron al sitio luego del reporte ciudadano para atender la situaci\u00f3n y confirmar el estado de la v\u00edctima. Autoridades realizaron el acordonamiento del \u00e1rea mientras se llevaban a cabo las diligencias correspondientes para esclarecer c\u00f3mo ocurri\u00f3 el accidente.<\/p>\n","protected":false},"excerpt":{"rendered":"<p>Un motociclista sufri\u00f3 un fuerte accidente en el municipio de Comala, en direcci\u00f3n hacia Villa de \u00c1lvarez, donde reportes preliminares indican que la persona habr\u00eda perdido la vida tras el percance. Cuerpos de emergencia acudieron al sitio luego del reporte ciudadano para atender la situaci\u00f3n y confirmar el estado de la v\u00edctima. Autoridades realizaron el [&hellip;]<\/p>\n","protected":false},"author":1,"featured_media":62877,"comment_status":"open","ping_status":"open","sticky":false,"template":"","format":"standard","meta":{"footnotes":""},"categories":[182,124],"tags":[],"class_list":["post-62873","post","type-post","status-publish","format-standard","has-post-thumbnail","hentry","category-colima","category-nacional"],"_links":{"self":[{"href":"https:\/\/quepocamadre.com\/index.php?rest_route=\/wp\/v2\/posts\/62873","targetHints":{"allow":["GET"]}}],"collection":[{"href":"https:\/\/quepocamadre.com\/index.php?rest_route=\/wp\/v2\/posts"}],"about":[{"href":"https:\/\/quepocamadre.com\/index.php?rest_route=\/wp\/v2\/types\/post"}],"author":[{"embeddable":true,"href":"https:\/\/quepocamadre.com\/index.php?rest_route=\/wp\/v2\/users\/1"}],"replies":[{"embeddable":true,"href":"https:\/\/quepocamadre.com\/index.php?rest_route=%2Fwp%2Fv2%2Fcomments&post=62873"}],"version-history":[{"count":1,"href":"https:\/\/quepocamadre.com\/index.php?rest_route=\/wp\/v2\/posts\/62873\/revisions"}],"predecessor-version":[{"id":62878,"href":"https:\/\/quepocamadre.com\/index.php?rest_route=\/wp\/v2\/posts\/62873\/revisions\/62878"}],"wp:featuredmedia":[{"embeddable":true,"href":"https:\/\/quepocamadre.com\/index.php?rest_route=\/wp\/v2\/media\/62877"}],"wp:attachment":[{"href":"https:\/\/quepocamadre.com\/index.php?rest_route=%2Fwp%2Fv2%2Fmedia&parent=62873"}],"wp:term":[{"taxonomy":"category","embeddable":true,"href":"https:\/\/quepocamadre.com\/index.php?rest_route=%2Fwp%2Fv2%2Fcategories&post=62873"},{"taxonomy":"post_tag","embeddable":true,"href":"https:\/\/quepocamadre.com\/index.php?rest_route=%2Fwp%2Fv2%2Ftags&post=62873"}],"curies":[{"name":"wp","href":"https:\/\/api.w.org\/{rel}","templated":true}]}}