{"id":62786,"date":"2026-03-09T09:18:48","date_gmt":"2026-03-09T15:18:48","guid":{"rendered":"https:\/\/quepocamadre.com\/?p=62786"},"modified":"2026-03-09T09:18:48","modified_gmt":"2026-03-09T15:18:48","slug":"mujeres-criminales-rocian-gasolina-y-prenden-fuego-a-policias-en-el-8m","status":"publish","type":"post","link":"https:\/\/quepocamadre.com\/?p=62786","title":{"rendered":"\u00a1MUJERES CRIMINALES! ROC\u00cdAN GASOLINA Y PRENDEN FUEGO A POLIC\u00cdAS EN EL 8M"},"content":{"rendered":"<p>Un a\u00f1o m\u00e1s, las mujeres toman las calles para conmemorar el D\u00eda Internacional de la Mujer (8M) y para visibilizar su lucha por la justicia, la igualdad y el fin de la violencia de g\u00e9nero.<\/p>\n<p>Miles de mujeres salieron a las calles a exigir seguridad, un alto a la violencia y a hacer eco de lo que est\u00e1 ocurriendo en M\u00e9xico, con el n\u00famero de mujeres asesinadas, desaparecidas, golpeadas, humilladas.<\/p>\n<p>Todas las marchas y recintos oficiales estuvieron blindados y custodiados por autoridades estatales.<\/p>\n<p>En el primer cuadro de la capital, integrantes del bloque negro levantaron las rejas del Metro e iniciaron un incendio en la entrada de la estaci\u00f3n Z\u00f3calo\/Tenochtitl\u00e1n.<\/p>\n<p><a href=\"https:\/\/quepocamadre.com\/wp-content\/uploads\/2026\/03\/prenden.jpg\"><img fetchpriority=\"high\" decoding=\"async\" class=\"aligncenter size-full wp-image-62793\" src=\"https:\/\/quepocamadre.com\/wp-content\/uploads\/2026\/03\/prenden.jpg\" alt=\"\" width=\"1200\" height=\"801\" srcset=\"https:\/\/quepocamadre.com\/wp-content\/uploads\/2026\/03\/prenden.jpg 1200w, https:\/\/quepocamadre.com\/wp-content\/uploads\/2026\/03\/prenden-300x200.jpg 300w, https:\/\/quepocamadre.com\/wp-content\/uploads\/2026\/03\/prenden-1024x684.jpg 1024w, https:\/\/quepocamadre.com\/wp-content\/uploads\/2026\/03\/prenden-768x513.jpg 768w\" sizes=\"(max-width: 1200px) 100vw, 1200px\" \/><\/a><\/p>\n<p>Al mismo tiempo, las asistentes insistieron en intentar derribar las vallas o escalar para cruzar al otro lado, lo que deriv\u00f3 en que los elementos policiacos accionaran extintores.<\/p>\n<p>Detr\u00e1s de la barricada, polic\u00edas comenzaron a lanzar piedras y otros art\u00edculos a las manifestantes. Uno de los objetos alcanz\u00f3 a una reportera de este diario.<\/p>\n<p>El movimiento violeta tambi\u00e9n se hizo presente en varios estados \u2014y municipios\u2014 como Veracruz, Guanajuato, Morelos, Puebla, Monterrey, Zacatecas, Culiac\u00e1n, entre otros.<\/p>\n<p>En Oaxaca se report\u00f3 una confrontaci\u00f3n entre elementos de la Polic\u00eda y las manifestantes en el Z\u00f3calo de la capital del estado tras intentos de ingresar al Palacio de Gobierno.<\/p>\n<p>La marcha del 8M en Campeche dej\u00f3 como saldo al menos 11 detenciones y dos mujeres lesionadas por quemaduras, luego que personas encapuchadas prendieran fuego a un grupo de polic\u00edas.<\/p>\n<p><a href=\"https:\/\/quepocamadre.com\/wp-content\/uploads\/2026\/03\/prenden-2.jpg\"><img decoding=\"async\" class=\"aligncenter size-full wp-image-62792\" src=\"https:\/\/quepocamadre.com\/wp-content\/uploads\/2026\/03\/prenden-2.jpg\" alt=\"\" width=\"1200\" height=\"801\" srcset=\"https:\/\/quepocamadre.com\/wp-content\/uploads\/2026\/03\/prenden-2.jpg 1200w, https:\/\/quepocamadre.com\/wp-content\/uploads\/2026\/03\/prenden-2-300x200.jpg 300w, https:\/\/quepocamadre.com\/wp-content\/uploads\/2026\/03\/prenden-2-1024x684.jpg 1024w, https:\/\/quepocamadre.com\/wp-content\/uploads\/2026\/03\/prenden-2-768x513.jpg 768w\" sizes=\"(max-width: 1200px) 100vw, 1200px\" \/><\/a><\/p>\n<p>En un momento, al t\u00e9rmino de la manifestaci\u00f3n, personas encapuchadas se acercaron a la fila de elementos policiacos que proteg\u00edan el Palacio de Gobierno, y con un aerosol y un encendedor, prendi\u00f3 fuego a los elementos de la Polic\u00eda Estatal. Otra agente tambi\u00e9n sufri\u00f3 quemaduras.<\/p>\n<p>La gobernadora calific\u00f3 los actos como \u201cagresi\u00f3n de car\u00e1cter criminal\u201d, pues \u201cse intent\u00f3 prender fuego a mujeres polic\u00edas que se encontraban cumpliendo con su deber\u201d.<\/p>\n<p>M\u00e1s de 800 mujeres se congregaron en la Plaza Gonz\u00e1lez Arratia, en Toluca, tras las movilizaciones realizadas en el marco del D\u00eda Internacional de la Mujer.<\/p>\n<p>El llamado bloque negro realiz\u00f3 acciones de protesta en distintos puntos del centro de la ciudad. Las integrantes del bloque negro comenzaron acciones de protesta y rebeld\u00eda y, tras varios intentos, lograron derribar los muros met\u00e1licos y retirar las vallas colocadas frente al recinto.<\/p>\n<p>Durante los momentos de tensi\u00f3n, cuando el bloque negro se acerc\u00f3 a los cientos de polic\u00edas, hombres y mujeres que resguardaban el Palacio de Gobierno\u2014, algunos elementos respondieron en diversas ocasiones con gas de extintor. Varias manifestantes resultaron afectadas, aunque fueron atendidas por sus propias compa\u00f1eras.<\/p>\n<p><a href=\"https:\/\/quepocamadre.com\/wp-content\/uploads\/2026\/03\/prende-3.jpg\"><img decoding=\"async\" class=\"aligncenter size-full wp-image-62791\" src=\"https:\/\/quepocamadre.com\/wp-content\/uploads\/2026\/03\/prende-3.jpg\" alt=\"\" width=\"1200\" height=\"801\" srcset=\"https:\/\/quepocamadre.com\/wp-content\/uploads\/2026\/03\/prende-3.jpg 1200w, https:\/\/quepocamadre.com\/wp-content\/uploads\/2026\/03\/prende-3-300x200.jpg 300w, https:\/\/quepocamadre.com\/wp-content\/uploads\/2026\/03\/prende-3-1024x684.jpg 1024w, https:\/\/quepocamadre.com\/wp-content\/uploads\/2026\/03\/prende-3-768x513.jpg 768w\" sizes=\"(max-width: 1200px) 100vw, 1200px\" \/><\/a><\/p>\n","protected":false},"excerpt":{"rendered":"<p>Un a\u00f1o m\u00e1s, las mujeres toman las calles para conmemorar el D\u00eda Internacional de la Mujer (8M) y para visibilizar su lucha por la justicia, la igualdad y el fin de la violencia de g\u00e9nero. Miles de mujeres salieron a las calles a exigir seguridad, un alto a la violencia y a hacer eco de [&hellip;]<\/p>\n","protected":false},"author":1,"featured_media":62790,"comment_status":"open","ping_status":"open","sticky":false,"template":"","format":"standard","meta":{"footnotes":""},"categories":[123,124,274],"tags":[],"class_list":["post-62786","post","type-post","status-publish","format-standard","has-post-thumbnail","hentry","category-cdmx","category-nacional","category-portada"],"_links":{"self":[{"href":"https:\/\/quepocamadre.com\/index.php?rest_route=\/wp\/v2\/posts\/62786","targetHints":{"allow":["GET"]}}],"collection":[{"href":"https:\/\/quepocamadre.com\/index.php?rest_route=\/wp\/v2\/posts"}],"about":[{"href":"https:\/\/quepocamadre.com\/index.php?rest_route=\/wp\/v2\/types\/post"}],"author":[{"embeddable":true,"href":"https:\/\/quepocamadre.com\/index.php?rest_route=\/wp\/v2\/users\/1"}],"replies":[{"embeddable":true,"href":"https:\/\/quepocamadre.com\/index.php?rest_route=%2Fwp%2Fv2%2Fcomments&post=62786"}],"version-history":[{"count":1,"href":"https:\/\/quepocamadre.com\/index.php?rest_route=\/wp\/v2\/posts\/62786\/revisions"}],"predecessor-version":[{"id":62794,"href":"https:\/\/quepocamadre.com\/index.php?rest_route=\/wp\/v2\/posts\/62786\/revisions\/62794"}],"wp:featuredmedia":[{"embeddable":true,"href":"https:\/\/quepocamadre.com\/index.php?rest_route=\/wp\/v2\/media\/62790"}],"wp:attachment":[{"href":"https:\/\/quepocamadre.com\/index.php?rest_route=%2Fwp%2Fv2%2Fmedia&parent=62786"}],"wp:term":[{"taxonomy":"category","embeddable":true,"href":"https:\/\/quepocamadre.com\/index.php?rest_route=%2Fwp%2Fv2%2Fcategories&post=62786"},{"taxonomy":"post_tag","embeddable":true,"href":"https:\/\/quepocamadre.com\/index.php?rest_route=%2Fwp%2Fv2%2Ftags&post=62786"}],"curies":[{"name":"wp","href":"https:\/\/api.w.org\/{rel}","templated":true}]}}