{"id":62767,"date":"2026-03-09T09:14:10","date_gmt":"2026-03-09T15:14:10","guid":{"rendered":"https:\/\/quepocamadre.com\/?p=62767"},"modified":"2026-03-09T09:14:10","modified_gmt":"2026-03-09T15:14:10","slug":"aseguraron-mas-de-media-tonelada-de-meta-en-sonora","status":"publish","type":"post","link":"https:\/\/quepocamadre.com\/?p=62767","title":{"rendered":"Aseguraron m\u00e1s de media tonelada de &#8220;meta&#8221; en Sonora"},"content":{"rendered":"<p>Se reporta que autoridades que integran la Mesa Estatal de Seguridad aseguraron m\u00e1s de media tonelada de metanfetamina en el ret\u00e9n militar Cucapah de San Luis R\u00edo Colorado, Sonora, y detuvieron a tres presuntos responsables de su transporte.<\/p>\n<p>Cabe se\u00f1alar que el operativo se llev\u00f3 a cabo como parte de las acciones del operativo Frontera Segura.<\/p>\n<p>Asimismo, el aseguramiento de la droga sint\u00e9tica se llev\u00f3 a cabo en el Puesto Militar de Seguridad Estrat\u00e9gico Cucapah.<\/p>\n<p>Elementos de la Guardia Nacional y del Ej\u00e9rcito Mexicano realizaban revisiones preventivas a veh\u00edculos que transitaban por la zona.<\/p>\n<p>De acuerdo con el reporte oficial, durante las inspecciones los agentes detectaron irregularidades en dos unidades que ingresaron al carril de revisi\u00f3n, por lo que realizaron una revisi\u00f3n m\u00e1s detallada.<\/p>\n","protected":false},"excerpt":{"rendered":"<p>Se reporta que autoridades que integran la Mesa Estatal de Seguridad aseguraron m\u00e1s de media tonelada de metanfetamina en el ret\u00e9n militar Cucapah de San Luis R\u00edo Colorado, Sonora, y detuvieron a tres presuntos responsables de su transporte. Cabe se\u00f1alar que el operativo se llev\u00f3 a cabo como parte de las acciones del operativo Frontera [&hellip;]<\/p>\n","protected":false},"author":1,"featured_media":62771,"comment_status":"open","ping_status":"open","sticky":false,"template":"","format":"standard","meta":{"footnotes":""},"categories":[124,138],"tags":[],"class_list":["post-62767","post","type-post","status-publish","format-standard","has-post-thumbnail","hentry","category-nacional","category-sonora"],"_links":{"self":[{"href":"https:\/\/quepocamadre.com\/index.php?rest_route=\/wp\/v2\/posts\/62767","targetHints":{"allow":["GET"]}}],"collection":[{"href":"https:\/\/quepocamadre.com\/index.php?rest_route=\/wp\/v2\/posts"}],"about":[{"href":"https:\/\/quepocamadre.com\/index.php?rest_route=\/wp\/v2\/types\/post"}],"author":[{"embeddable":true,"href":"https:\/\/quepocamadre.com\/index.php?rest_route=\/wp\/v2\/users\/1"}],"replies":[{"embeddable":true,"href":"https:\/\/quepocamadre.com\/index.php?rest_route=%2Fwp%2Fv2%2Fcomments&post=62767"}],"version-history":[{"count":1,"href":"https:\/\/quepocamadre.com\/index.php?rest_route=\/wp\/v2\/posts\/62767\/revisions"}],"predecessor-version":[{"id":62772,"href":"https:\/\/quepocamadre.com\/index.php?rest_route=\/wp\/v2\/posts\/62767\/revisions\/62772"}],"wp:featuredmedia":[{"embeddable":true,"href":"https:\/\/quepocamadre.com\/index.php?rest_route=\/wp\/v2\/media\/62771"}],"wp:attachment":[{"href":"https:\/\/quepocamadre.com\/index.php?rest_route=%2Fwp%2Fv2%2Fmedia&parent=62767"}],"wp:term":[{"taxonomy":"category","embeddable":true,"href":"https:\/\/quepocamadre.com\/index.php?rest_route=%2Fwp%2Fv2%2Fcategories&post=62767"},{"taxonomy":"post_tag","embeddable":true,"href":"https:\/\/quepocamadre.com\/index.php?rest_route=%2Fwp%2Fv2%2Ftags&post=62767"}],"curies":[{"name":"wp","href":"https:\/\/api.w.org\/{rel}","templated":true}]}}