{"id":62608,"date":"2026-03-06T08:10:59","date_gmt":"2026-03-06T14:10:59","guid":{"rendered":"https:\/\/quepocamadre.com\/?p=62608"},"modified":"2026-03-06T08:10:59","modified_gmt":"2026-03-06T14:10:59","slug":"ya-estaba-podrida-localizan-cuerpo-de-mujer","status":"publish","type":"post","link":"https:\/\/quepocamadre.com\/?p=62608","title":{"rendered":"\u00a1YA ESTABA PODRIDA! LOCALIZAN CUERPO DE MUJER"},"content":{"rendered":"<p>El cuerpo localizado en estado de descomposici\u00f3n y con huellas de violencia a un costado de la carretera Coatetelco\u2013Miacatl\u00e1n fue identificado como el de Karol, estudiante vinculada a la Universidad Aut\u00f3noma del Estado de Morelos. El hallazgo ocurri\u00f3 en esa vialidad del estado de Morelos, donde autoridades realizaron las diligencias correspondientes.<\/p>\n<p>Tras la confirmaci\u00f3n de la identidad, el caso gener\u00f3 consternaci\u00f3n entre la comunidad universitaria y exigencias de justicia. La Fiscal\u00eda General del Estado de Morelos mantiene abiertas las investigaciones para esclarecer los hechos y determinar responsabilidades.<\/p>\n","protected":false},"excerpt":{"rendered":"<p>El cuerpo localizado en estado de descomposici\u00f3n y con huellas de violencia a un costado de la carretera Coatetelco\u2013Miacatl\u00e1n fue identificado como el de Karol, estudiante vinculada a la Universidad Aut\u00f3noma del Estado de Morelos. El hallazgo ocurri\u00f3 en esa vialidad del estado de Morelos, donde autoridades realizaron las diligencias correspondientes. Tras la confirmaci\u00f3n de [&hellip;]<\/p>\n","protected":false},"author":1,"featured_media":62612,"comment_status":"open","ping_status":"open","sticky":false,"template":"","format":"standard","meta":{"footnotes":""},"categories":[171,124],"tags":[],"class_list":["post-62608","post","type-post","status-publish","format-standard","has-post-thumbnail","hentry","category-morelos","category-nacional"],"_links":{"self":[{"href":"https:\/\/quepocamadre.com\/index.php?rest_route=\/wp\/v2\/posts\/62608","targetHints":{"allow":["GET"]}}],"collection":[{"href":"https:\/\/quepocamadre.com\/index.php?rest_route=\/wp\/v2\/posts"}],"about":[{"href":"https:\/\/quepocamadre.com\/index.php?rest_route=\/wp\/v2\/types\/post"}],"author":[{"embeddable":true,"href":"https:\/\/quepocamadre.com\/index.php?rest_route=\/wp\/v2\/users\/1"}],"replies":[{"embeddable":true,"href":"https:\/\/quepocamadre.com\/index.php?rest_route=%2Fwp%2Fv2%2Fcomments&post=62608"}],"version-history":[{"count":1,"href":"https:\/\/quepocamadre.com\/index.php?rest_route=\/wp\/v2\/posts\/62608\/revisions"}],"predecessor-version":[{"id":62613,"href":"https:\/\/quepocamadre.com\/index.php?rest_route=\/wp\/v2\/posts\/62608\/revisions\/62613"}],"wp:featuredmedia":[{"embeddable":true,"href":"https:\/\/quepocamadre.com\/index.php?rest_route=\/wp\/v2\/media\/62612"}],"wp:attachment":[{"href":"https:\/\/quepocamadre.com\/index.php?rest_route=%2Fwp%2Fv2%2Fmedia&parent=62608"}],"wp:term":[{"taxonomy":"category","embeddable":true,"href":"https:\/\/quepocamadre.com\/index.php?rest_route=%2Fwp%2Fv2%2Fcategories&post=62608"},{"taxonomy":"post_tag","embeddable":true,"href":"https:\/\/quepocamadre.com\/index.php?rest_route=%2Fwp%2Fv2%2Ftags&post=62608"}],"curies":[{"name":"wp","href":"https:\/\/api.w.org\/{rel}","templated":true}]}}