{"id":62602,"date":"2026-03-06T08:09:52","date_gmt":"2026-03-06T14:09:52","guid":{"rendered":"https:\/\/quepocamadre.com\/?p=62602"},"modified":"2026-03-06T08:09:52","modified_gmt":"2026-03-06T14:09:52","slug":"hallan-craneo-humano-en-zona-rural-de-tlaxcala","status":"publish","type":"post","link":"https:\/\/quepocamadre.com\/?p=62602","title":{"rendered":"HALLAN CR\u00c1NEO HUMANO EN ZONA RURAL DE TLAXCALA"},"content":{"rendered":"<p>Un equipo de trabajadores de la Comisi\u00f3n Nacional Forestal localiz\u00f3 un cr\u00e1neo humano mientras realizaba labores de conservaci\u00f3n de suelos en la colonia Xaltitla, en una zona de dif\u00edcil acceso sobre la carretera que conecta Atltzayanca con Libres, en Tlaxcala. Tras el reporte al 911, polic\u00edas municipales acudieron para confirmar el hallazgo y acordonar el \u00e1rea en busca de otros posibles indicios.<\/p>\n<p>Peritos del Instituto de Ciencias Forenses y agentes de investigaci\u00f3n realizaron el levantamiento de la pieza \u00f3sea y la trasladaron al Servicio M\u00e9dico Forense para an\u00e1lisis de ADN y estudios periciales. La Fiscal\u00eda General de Justicia del Estado de Tlaxcala abri\u00f3 una carpeta de investigaci\u00f3n para determinar el origen del resto humano y esclarecer el caso.<\/p>\n","protected":false},"excerpt":{"rendered":"<p>Un equipo de trabajadores de la Comisi\u00f3n Nacional Forestal localiz\u00f3 un cr\u00e1neo humano mientras realizaba labores de conservaci\u00f3n de suelos en la colonia Xaltitla, en una zona de dif\u00edcil acceso sobre la carretera que conecta Atltzayanca con Libres, en Tlaxcala. Tras el reporte al 911, polic\u00edas municipales acudieron para confirmar el hallazgo y acordonar el [&hellip;]<\/p>\n","protected":false},"author":1,"featured_media":62606,"comment_status":"open","ping_status":"open","sticky":false,"template":"","format":"standard","meta":{"footnotes":""},"categories":[124,170],"tags":[],"class_list":["post-62602","post","type-post","status-publish","format-standard","has-post-thumbnail","hentry","category-nacional","category-tlaxcala"],"_links":{"self":[{"href":"https:\/\/quepocamadre.com\/index.php?rest_route=\/wp\/v2\/posts\/62602","targetHints":{"allow":["GET"]}}],"collection":[{"href":"https:\/\/quepocamadre.com\/index.php?rest_route=\/wp\/v2\/posts"}],"about":[{"href":"https:\/\/quepocamadre.com\/index.php?rest_route=\/wp\/v2\/types\/post"}],"author":[{"embeddable":true,"href":"https:\/\/quepocamadre.com\/index.php?rest_route=\/wp\/v2\/users\/1"}],"replies":[{"embeddable":true,"href":"https:\/\/quepocamadre.com\/index.php?rest_route=%2Fwp%2Fv2%2Fcomments&post=62602"}],"version-history":[{"count":1,"href":"https:\/\/quepocamadre.com\/index.php?rest_route=\/wp\/v2\/posts\/62602\/revisions"}],"predecessor-version":[{"id":62607,"href":"https:\/\/quepocamadre.com\/index.php?rest_route=\/wp\/v2\/posts\/62602\/revisions\/62607"}],"wp:featuredmedia":[{"embeddable":true,"href":"https:\/\/quepocamadre.com\/index.php?rest_route=\/wp\/v2\/media\/62606"}],"wp:attachment":[{"href":"https:\/\/quepocamadre.com\/index.php?rest_route=%2Fwp%2Fv2%2Fmedia&parent=62602"}],"wp:term":[{"taxonomy":"category","embeddable":true,"href":"https:\/\/quepocamadre.com\/index.php?rest_route=%2Fwp%2Fv2%2Fcategories&post=62602"},{"taxonomy":"post_tag","embeddable":true,"href":"https:\/\/quepocamadre.com\/index.php?rest_route=%2Fwp%2Fv2%2Ftags&post=62602"}],"curies":[{"name":"wp","href":"https:\/\/api.w.org\/{rel}","templated":true}]}}